{"id":1823,"date":"2022-06-22T15:35:55","date_gmt":"2022-06-22T18:35:55","guid":{"rendered":"https:\/\/grupoican.com.br\/?p=1823"},"modified":"2022-06-22T15:40:58","modified_gmt":"2022-06-22T18:40:58","slug":"evento-modernizacao-dos-espacos-de-memoria","status":"publish","type":"post","link":"https:\/\/grupoican.com.br\/ar\/evento-modernizacao-dos-espacos-de-memoria\/","title":{"rendered":"\u0627\u0644\u062d\u062f\u062b: \u062a\u062d\u062f\u064a\u062b \u0645\u0633\u0627\u062d\u0627\u062a \u0627\u0644\u0630\u0627\u0643\u0631\u0629"},"content":{"rendered":"<div data-elementor-type=\"wp-post\" data-elementor-id=\"1823\" class=\"elementor elementor-1823\" data-elementor-post-type=\"post\">\n\t\t\t\t\t\t<section class=\"elementor-section elementor-top-section elementor-element elementor-element-724ed65 elementor-section-boxed elementor-section-height-default elementor-section-height-default\" data-id=\"724ed65\" data-element_type=\"section\">\n\t\t\t\t\t\t<div class=\"elementor-container elementor-column-gap-default\">\n\t\t\t\t\t<div class=\"elementor-column elementor-col-100 elementor-top-column elementor-element elementor-element-169419b\" data-id=\"169419b\" data-element_type=\"column\">\n\t\t\t<div class=\"elementor-widget-wrap elementor-element-populated\">\n\t\t\t\t\t\t<div class=\"elementor-element elementor-element-8fd26c3 elementor-widget elementor-widget-image\" data-id=\"8fd26c3\" data-element_type=\"widget\" data-widget_type=\"image.default\">\n\t\t\t\t<div class=\"elementor-widget-container\">\n\t\t\t\t\t\t\t\t\t\t\t\t\t\t\t<img fetchpriority=\"high\" decoding=\"async\" width=\"1024\" height=\"512\" src=\"https:\/\/grupoican.com.br\/wp-content\/uploads\/2022\/06\/modernizar-a-sua-empresa-1024x512.jpg\" class=\"attachment-large size-large wp-image-1830\" alt=\"\" srcset=\"https:\/\/grupoican.com.br\/wp-content\/uploads\/2022\/06\/modernizar-a-sua-empresa-1024x512.jpg 1024w, https:\/\/grupoican.com.br\/wp-content\/uploads\/2022\/06\/modernizar-a-sua-empresa-300x150.jpg 300w, https:\/\/grupoican.com.br\/wp-content\/uploads\/2022\/06\/modernizar-a-sua-empresa-768x384.jpg 768w, https:\/\/grupoican.com.br\/wp-content\/uploads\/2022\/06\/modernizar-a-sua-empresa-1536x768.jpg 1536w, https:\/\/grupoican.com.br\/wp-content\/uploads\/2022\/06\/modernizar-a-sua-empresa.jpg 2000w\" sizes=\"(max-width: 1024px) 100vw, 1024px\" \/>\t\t\t\t\t\t\t\t\t\t\t\t\t\t\t<\/div>\n\t\t\t\t<\/div>\n\t\t\t\t\t<\/div>\n\t\t<\/div>\n\t\t\t\t\t<\/div>\n\t\t<\/section>\n\t\t\t\t<section class=\"elementor-section elementor-top-section elementor-element elementor-element-87baa7e elementor-section-boxed elementor-section-height-default elementor-section-height-default\" data-id=\"87baa7e\" data-element_type=\"section\">\n\t\t\t\t\t\t<div class=\"elementor-container elementor-column-gap-default\">\n\t\t\t\t\t<div class=\"elementor-column elementor-col-100 elementor-top-column elementor-element elementor-element-8df4400\" data-id=\"8df4400\" data-element_type=\"column\">\n\t\t\t<div class=\"elementor-widget-wrap elementor-element-populated\">\n\t\t\t\t\t\t<div class=\"elementor-element elementor-element-6b660c8 elementor-widget elementor-widget-text-editor\" data-id=\"6b660c8\" data-element_type=\"widget\" data-widget_type=\"text-editor.default\">\n\t\t\t\t<div class=\"elementor-widget-container\">\n\t\t\t\t\t\t\t\t\t<p><\/p><h2 class=\"wp-block-heading\">Grupo I can \u0647\u0648 \u0627\u0644\u0631\u0627\u0639\u064a \u0627\u0644\u0630\u0647\u0628\u064a \u0644\u0644\u062d\u062f\u062b:<\/h2><h2>\u062a\u062d\u062f\u064a\u062b \u0627\u0644\u0630\u0627\u0643\u0631\u0629\u00a0 \u00a0<\/h2><p><\/p><p>\u064a\u062a\u0637\u0644\u0628 \u0633\u064a\u0646\u0627\u0631\u064a\u0648 \u0627\u0644\u062a\u062d\u0648\u0644\u0627\u062a \u0627\u0644\u0631\u0642\u0645\u064a\u0629 \u0648\u0627\u0644\u0627\u062c\u062a\u0645\u0627\u0639\u064a\u0629 \u0627\u0644\u0639\u0638\u064a\u0645\u0629 \u0627\u0646\u0639\u0643\u0627\u0633\u0627\u062a \u0648\u0623\u0641\u0639\u0627\u0644 \u0645\u0646 \u0645\u0633\u0627\u062d\u0627\u062a \u0627\u0644\u0630\u0627\u0643\u0631\u0629. \u062a\u062a\u0637\u0644\u0628 \u0627\u0644\u0623\u0648\u0642\u0627\u062a \u0627\u0644\u062d\u0627\u0644\u064a\u0629 \u0625\u062f\u0627\u0631\u0629 \u062d\u062f\u064a\u062b\u0629 \u0648\u0641\u0639\u0627\u0644\u0629 \u0628\u0634\u0643\u0644 \u0645\u062a\u0632\u0627\u064a\u062f \u060c \u0645\u0645\u0627 \u064a\u0648\u0641\u0631 \u0645\u0632\u064a\u062f\u064b\u0627 \u0645\u0646 \u0627\u0644\u062a\u0623\u0643\u064a\u062f \u0648\u0627\u0644\u062c\u0648\u062f\u0629 \u0641\u064a \u062a\u0646\u0641\u064a\u0630 \u0627\u0644\u062e\u062f\u0645\u0627\u062a \u0648\u0627\u0644\u0623\u0646\u0634\u0637\u0629 \u0627\u0644\u062a\u064a \u062a\u0642\u062a\u0631\u062d \u0627\u0644\u0645\u0633\u0627\u062d\u0627\u062a \u0627\u0644\u0642\u064a\u0627\u0645 \u0628\u0647\u0627 \u060c \u0645\u0639 \u0627\u0644\u062a\u0631\u0643\u064a\u0632 \u062f\u0627\u0626\u0645\u064b\u0627 \u0639\u0644\u0649 \u0627\u0644\u0648\u0635\u0648\u0644 \u0625\u0644\u0649 \u0627\u0644\u0630\u0627\u0643\u0631\u0629 \u0648\u0627\u0644\u062a\u0631\u0627\u062b \u0648\u0627\u0644\u062a\u0631\u0648\u064a\u062c \u0644\u0647\u0627 \u0648\u0646\u0634\u0631\u0647\u0627 \u0648\u0627\u0644\u062d\u0641\u0627\u0638 \u0639\u0644\u064a\u0647\u0627.<\/p><p><span style=\"background-color: var(--nv-site-bg);\">\u0633\u064a\u0643\u0648\u0646 \u0647\u0646\u0627\u0643 5 \u0623\u064a\u0627\u0645 \u0645\u0646 \u0627\u0644\u062d\u062f\u062b: \u0645\u0646 19 \u0625\u0644\u0649 23 \u064a\u0648\u0644\u064a\u0648 \u060c 100% \u0639\u0628\u0631 \u0627\u0644\u0625\u0646\u062a\u0631\u0646\u062a \u0648\u0627\u0644\u0639\u064a\u0634 \u0645\u0639 \u0627\u0644\u0643\u062b\u064a\u0631 \u0645\u0646 \u0627\u0644\u0645\u062d\u062a\u0648\u0649 \u0648\u0627\u0644\u062a\u0641\u0627\u0639\u0644 \u0639\u0644\u0649 \u062a\u062d\u062f\u064a\u062b \u0645\u0633\u0627\u062d\u0627\u062a \u0627\u0644\u0630\u0627\u0643\u0631\u0629 \u060c \u0645\u0639 \u0627\u0644\u062a\u0631\u0643\u064a\u0632 \u0639\u0644\u0649 \u0627\u0644\u0625\u062f\u0627\u0631\u0629 \u0648\u062c\u0645\u0639 \u0627\u0644\u062a\u0628\u0631\u0639\u0627\u062a \u0648\u0625\u062f\u0627\u0631\u0629 \u0627\u0644\u0645\u0634\u0627\u0631\u064a\u0639.<\/span><\/p><p><\/p><p><\/p>\t\t\t\t\t\t\t\t<\/div>\n\t\t\t\t<\/div>\n\t\t\t\t\t<\/div>\n\t\t<\/div>\n\t\t\t\t\t<\/div>\n\t\t<\/section>\n\t\t\t\t<\/div>","protected":false},"excerpt":{"rendered":"<p>Grupo I can \u00e9 Patrocinador Ouro do evento: Moderniza Mem\u00f3ria\u00a0 \u00a0 O cen\u00e1rio de grandes transforma\u00e7\u00f5es digitais e sociais demandam reflex\u00f5es e a\u00e7\u00f5es dos espa\u00e7os de mem\u00f3ria. Os tempos atuais exigem uma gest\u00e3o cada vez mais moderna e eficiente, proporcionando mais assertividade e qualidade na execu\u00e7\u00e3o de servi\u00e7os e atividades \u00e0s quais os espa\u00e7os se&hellip;&nbsp;<a href=\"https:\/\/grupoican.com.br\/ar\/evento-modernizacao-dos-espacos-de-memoria\/\" rel=\"bookmark\">Read More &raquo;<span class=\"screen-reader-text\">\u0627\u0644\u062d\u062f\u062b: \u062a\u062d\u062f\u064a\u062b \u0645\u0633\u0627\u062d\u0627\u062a \u0627\u0644\u0630\u0627\u0643\u0631\u0629<\/span><\/a><\/p>","protected":false},"author":1,"featured_media":1834,"comment_status":"open","ping_status":"open","sticky":false,"template":"","format":"standard","meta":{"neve_meta_sidebar":"","neve_meta_container":"","neve_meta_enable_content_width":"","neve_meta_content_width":0,"neve_meta_title_alignment":"","neve_meta_author_avatar":"","neve_post_elements_order":"","neve_meta_disable_header":"","neve_meta_disable_footer":"","neve_meta_disable_title":"","neve_meta_reading_time":"","_joinchat":[],"footnotes":""},"categories":[1],"tags":[],"class_list":["post-1823","post","type-post","status-publish","format-standard","has-post-thumbnail","hentry","category-sem-categoria"],"yoast_head":"<!-- This site is optimized with the Yoast SEO Premium plugin v22.5 (Yoast SEO v24.5) - https:\/\/yoast.com\/wordpress\/plugins\/seo\/ -->\n<title>Evento: MODERNIZA\u00c7\u00c3O DOS ESPA\u00c7OS DE MEM\u00d3RIA - GrupoIcan<\/title>\n<meta name=\"robots\" content=\"index, follow, max-snippet:-1, max-image-preview:large, max-video-preview:-1\" \/>\n<link rel=\"canonical\" href=\"https:\/\/grupoican.com.br\/ar\/evento-modernizacao-dos-espacos-de-memoria\/\" \/>\n<meta property=\"og:locale\" content=\"ar_AR\" \/>\n<meta property=\"og:type\" content=\"article\" \/>\n<meta property=\"og:title\" content=\"Evento: MODERNIZA\u00c7\u00c3O DOS ESPA\u00c7OS DE MEM\u00d3RIA\" \/>\n<meta property=\"og:description\" content=\"Grupo I can \u00e9 Patrocinador Ouro do evento: Moderniza Mem\u00f3ria\u00a0 \u00a0 O cen\u00e1rio de grandes transforma\u00e7\u00f5es digitais e sociais demandam reflex\u00f5es e a\u00e7\u00f5es dos espa\u00e7os de mem\u00f3ria. Os tempos atuais exigem uma gest\u00e3o cada vez mais moderna e eficiente, proporcionando mais assertividade e qualidade na execu\u00e7\u00e3o de servi\u00e7os e atividades \u00e0s quais os espa\u00e7os se&hellip;&nbsp;Read More &raquo;Evento: MODERNIZA\u00c7\u00c3O DOS ESPA\u00c7OS DE MEM\u00d3RIA\" \/>\n<meta property=\"og:url\" content=\"https:\/\/grupoican.com.br\/ar\/evento-modernizacao-dos-espacos-de-memoria\/\" \/>\n<meta property=\"og:site_name\" content=\"GrupoIcan\" \/>\n<meta property=\"article:published_time\" content=\"2022-06-22T18:35:55+00:00\" \/>\n<meta property=\"article:modified_time\" content=\"2022-06-22T18:40:58+00:00\" \/>\n<meta property=\"og:image\" content=\"http:\/\/grupoican.com.br\/wp-content\/uploads\/2022\/06\/299373-avancado-de-2k-por-que-e-importante-investir-na-modernizacao-da-infraestrutura-de-ti.jpeg\" \/>\n\t<meta property=\"og:image:width\" content=\"2121\" \/>\n\t<meta property=\"og:image:height\" content=\"1414\" \/>\n\t<meta property=\"og:image:type\" content=\"image\/jpeg\" \/>\n<meta name=\"author\" content=\"Admin\" \/>\n<meta name=\"twitter:card\" content=\"summary_large_image\" \/>\n<meta name=\"twitter:label1\" content=\"\u0643\u064f\u062a\u0628 \u0628\u0648\u0627\u0633\u0637\u0629\" \/>\n\t<meta name=\"twitter:data1\" content=\"Admin\" \/>\n\t<meta name=\"twitter:label2\" content=\"\u0648\u0642\u062a \u0627\u0644\u0642\u0631\u0627\u0621\u0629 \u0627\u0644\u0645\u064f\u0642\u062f\u0651\u0631\" \/>\n\t<meta name=\"twitter:data2\" content=\"\u062f\u0642\u064a\u0642\u0629 \u0648\u0627\u062d\u062f\u0629\" \/>\n<script type=\"application\/ld+json\" class=\"yoast-schema-graph\">{\"@context\":\"https:\/\/schema.org\",\"@graph\":[{\"@type\":\"Article\",\"@id\":\"https:\/\/grupoican.com.br\/evento-modernizacao-dos-espacos-de-memoria\/#article\",\"isPartOf\":{\"@id\":\"https:\/\/grupoican.com.br\/evento-modernizacao-dos-espacos-de-memoria\/\"},\"author\":{\"name\":\"Admin\",\"@id\":\"https:\/\/grupoican.com.br\/#\/schema\/person\/f88a9177f15ebafd5a3fe8308c8cde83\"},\"headline\":\"Evento: MODERNIZA\u00c7\u00c3O DOS ESPA\u00c7OS DE MEM\u00d3RIA\",\"datePublished\":\"2022-06-22T18:35:55+00:00\",\"dateModified\":\"2022-06-22T18:40:58+00:00\",\"mainEntityOfPage\":{\"@id\":\"https:\/\/grupoican.com.br\/evento-modernizacao-dos-espacos-de-memoria\/\"},\"wordCount\":138,\"commentCount\":0,\"publisher\":{\"@id\":\"https:\/\/grupoican.com.br\/#organization\"},\"image\":{\"@id\":\"https:\/\/grupoican.com.br\/evento-modernizacao-dos-espacos-de-memoria\/#primaryimage\"},\"thumbnailUrl\":\"https:\/\/grupoican.com.br\/wp-content\/uploads\/2022\/06\/299373-avancado-de-2k-por-que-e-importante-investir-na-modernizacao-da-infraestrutura-de-ti.jpeg\",\"articleSection\":[\"Sem categoria\"],\"inLanguage\":\"ar\",\"potentialAction\":[{\"@type\":\"CommentAction\",\"name\":\"Comment\",\"target\":[\"https:\/\/grupoican.com.br\/evento-modernizacao-dos-espacos-de-memoria\/#respond\"]}]},{\"@type\":\"WebPage\",\"@id\":\"https:\/\/grupoican.com.br\/evento-modernizacao-dos-espacos-de-memoria\/\",\"url\":\"https:\/\/grupoican.com.br\/evento-modernizacao-dos-espacos-de-memoria\/\",\"name\":\"Evento: MODERNIZA\u00c7\u00c3O DOS ESPA\u00c7OS DE MEM\u00d3RIA - GrupoIcan\",\"isPartOf\":{\"@id\":\"https:\/\/grupoican.com.br\/#website\"},\"primaryImageOfPage\":{\"@id\":\"https:\/\/grupoican.com.br\/evento-modernizacao-dos-espacos-de-memoria\/#primaryimage\"},\"image\":{\"@id\":\"https:\/\/grupoican.com.br\/evento-modernizacao-dos-espacos-de-memoria\/#primaryimage\"},\"thumbnailUrl\":\"https:\/\/grupoican.com.br\/wp-content\/uploads\/2022\/06\/299373-avancado-de-2k-por-que-e-importante-investir-na-modernizacao-da-infraestrutura-de-ti.jpeg\",\"datePublished\":\"2022-06-22T18:35:55+00:00\",\"dateModified\":\"2022-06-22T18:40:58+00:00\",\"breadcrumb\":{\"@id\":\"https:\/\/grupoican.com.br\/evento-modernizacao-dos-espacos-de-memoria\/#breadcrumb\"},\"inLanguage\":\"ar\",\"potentialAction\":[{\"@type\":\"ReadAction\",\"target\":[\"https:\/\/grupoican.com.br\/evento-modernizacao-dos-espacos-de-memoria\/\"]}]},{\"@type\":\"ImageObject\",\"inLanguage\":\"ar\",\"@id\":\"https:\/\/grupoican.com.br\/evento-modernizacao-dos-espacos-de-memoria\/#primaryimage\",\"url\":\"https:\/\/grupoican.com.br\/wp-content\/uploads\/2022\/06\/299373-avancado-de-2k-por-que-e-importante-investir-na-modernizacao-da-infraestrutura-de-ti.jpeg\",\"contentUrl\":\"https:\/\/grupoican.com.br\/wp-content\/uploads\/2022\/06\/299373-avancado-de-2k-por-que-e-importante-investir-na-modernizacao-da-infraestrutura-de-ti.jpeg\",\"width\":2121,\"height\":1414},{\"@type\":\"BreadcrumbList\",\"@id\":\"https:\/\/grupoican.com.br\/evento-modernizacao-dos-espacos-de-memoria\/#breadcrumb\",\"itemListElement\":[{\"@type\":\"ListItem\",\"position\":1,\"name\":\"In\u00edcio\",\"item\":\"https:\/\/grupoican.com.br\/\"},{\"@type\":\"ListItem\",\"position\":2,\"name\":\"Evento: MODERNIZA\u00c7\u00c3O DOS ESPA\u00c7OS DE MEM\u00d3RIA\"}]},{\"@type\":\"WebSite\",\"@id\":\"https:\/\/grupoican.com.br\/#website\",\"url\":\"https:\/\/grupoican.com.br\/\",\"name\":\"GrupoIcan\",\"description\":\"Consultoria especializada em gest\u00e3o empresarial e \u00e1rea de petr\u00f3leo e g\u00e1s.\",\"publisher\":{\"@id\":\"https:\/\/grupoican.com.br\/#organization\"},\"potentialAction\":[{\"@type\":\"SearchAction\",\"target\":{\"@type\":\"EntryPoint\",\"urlTemplate\":\"https:\/\/grupoican.com.br\/?s={search_term_string}\"},\"query-input\":{\"@type\":\"PropertyValueSpecification\",\"valueRequired\":true,\"valueName\":\"search_term_string\"}}],\"inLanguage\":\"ar\"},{\"@type\":\"Organization\",\"@id\":\"https:\/\/grupoican.com.br\/#organization\",\"name\":\"GrupoIcan\",\"url\":\"https:\/\/grupoican.com.br\/\",\"logo\":{\"@type\":\"ImageObject\",\"inLanguage\":\"ar\",\"@id\":\"https:\/\/grupoican.com.br\/#\/schema\/logo\/image\/\",\"url\":\"https:\/\/grupoican.com.br\/wp-content\/uploads\/2021\/09\/logo-icanbe.png\",\"contentUrl\":\"https:\/\/grupoican.com.br\/wp-content\/uploads\/2021\/09\/logo-icanbe.png\",\"width\":1855,\"height\":1573,\"caption\":\"GrupoIcan\"},\"image\":{\"@id\":\"https:\/\/grupoican.com.br\/#\/schema\/logo\/image\/\"}},{\"@type\":\"Person\",\"@id\":\"https:\/\/grupoican.com.br\/#\/schema\/person\/f88a9177f15ebafd5a3fe8308c8cde83\",\"name\":\"Admin\",\"image\":{\"@type\":\"ImageObject\",\"inLanguage\":\"ar\",\"@id\":\"https:\/\/grupoican.com.br\/#\/schema\/person\/image\/\",\"url\":\"https:\/\/secure.gravatar.com\/avatar\/69947cc14238bc906a53010b047a4ad9ff20eacca93f5c5f6f0efd85a7a249aa?s=96&d=mm&r=g\",\"contentUrl\":\"https:\/\/secure.gravatar.com\/avatar\/69947cc14238bc906a53010b047a4ad9ff20eacca93f5c5f6f0efd85a7a249aa?s=96&d=mm&r=g\",\"caption\":\"Admin\"},\"sameAs\":[\"http:\/\/grupoican.com.br\"],\"url\":\"https:\/\/grupoican.com.br\/ar\/author\/admin\/\"}]}<\/script>\n<!-- \/ Yoast SEO Premium plugin. -->","yoast_head_json":{"title":"Evento: MODERNIZA\u00c7\u00c3O DOS ESPA\u00c7OS DE MEM\u00d3RIA - GrupoIcan","robots":{"index":"index","follow":"follow","max-snippet":"max-snippet:-1","max-image-preview":"max-image-preview:large","max-video-preview":"max-video-preview:-1"},"canonical":"https:\/\/grupoican.com.br\/ar\/evento-modernizacao-dos-espacos-de-memoria\/","og_locale":"ar_AR","og_type":"article","og_title":"Evento: MODERNIZA\u00c7\u00c3O DOS ESPA\u00c7OS DE MEM\u00d3RIA","og_description":"Grupo I can \u00e9 Patrocinador Ouro do evento: Moderniza Mem\u00f3ria\u00a0 \u00a0 O cen\u00e1rio de grandes transforma\u00e7\u00f5es digitais e sociais demandam reflex\u00f5es e a\u00e7\u00f5es dos espa\u00e7os de mem\u00f3ria. Os tempos atuais exigem uma gest\u00e3o cada vez mais moderna e eficiente, proporcionando mais assertividade e qualidade na execu\u00e7\u00e3o de servi\u00e7os e atividades \u00e0s quais os espa\u00e7os se&hellip;&nbsp;Read More &raquo;Evento: MODERNIZA\u00c7\u00c3O DOS ESPA\u00c7OS DE MEM\u00d3RIA","og_url":"https:\/\/grupoican.com.br\/ar\/evento-modernizacao-dos-espacos-de-memoria\/","og_site_name":"GrupoIcan","article_published_time":"2022-06-22T18:35:55+00:00","article_modified_time":"2022-06-22T18:40:58+00:00","og_image":[{"width":2121,"height":1414,"url":"http:\/\/grupoican.com.br\/wp-content\/uploads\/2022\/06\/299373-avancado-de-2k-por-que-e-importante-investir-na-modernizacao-da-infraestrutura-de-ti.jpeg","type":"image\/jpeg"}],"author":"Admin","twitter_card":"summary_large_image","twitter_misc":{"\u0643\u064f\u062a\u0628 \u0628\u0648\u0627\u0633\u0637\u0629":"Admin","\u0648\u0642\u062a \u0627\u0644\u0642\u0631\u0627\u0621\u0629 \u0627\u0644\u0645\u064f\u0642\u062f\u0651\u0631":"\u062f\u0642\u064a\u0642\u0629 \u0648\u0627\u062d\u062f\u0629"},"schema":{"@context":"https:\/\/schema.org","@graph":[{"@type":"Article","@id":"https:\/\/grupoican.com.br\/evento-modernizacao-dos-espacos-de-memoria\/#article","isPartOf":{"@id":"https:\/\/grupoican.com.br\/evento-modernizacao-dos-espacos-de-memoria\/"},"author":{"name":"Admin","@id":"https:\/\/grupoican.com.br\/#\/schema\/person\/f88a9177f15ebafd5a3fe8308c8cde83"},"headline":"Evento: MODERNIZA\u00c7\u00c3O DOS ESPA\u00c7OS DE MEM\u00d3RIA","datePublished":"2022-06-22T18:35:55+00:00","dateModified":"2022-06-22T18:40:58+00:00","mainEntityOfPage":{"@id":"https:\/\/grupoican.com.br\/evento-modernizacao-dos-espacos-de-memoria\/"},"wordCount":138,"commentCount":0,"publisher":{"@id":"https:\/\/grupoican.com.br\/#organization"},"image":{"@id":"https:\/\/grupoican.com.br\/evento-modernizacao-dos-espacos-de-memoria\/#primaryimage"},"thumbnailUrl":"https:\/\/grupoican.com.br\/wp-content\/uploads\/2022\/06\/299373-avancado-de-2k-por-que-e-importante-investir-na-modernizacao-da-infraestrutura-de-ti.jpeg","articleSection":["Sem categoria"],"inLanguage":"ar","potentialAction":[{"@type":"CommentAction","name":"Comment","target":["https:\/\/grupoican.com.br\/evento-modernizacao-dos-espacos-de-memoria\/#respond"]}]},{"@type":"WebPage","@id":"https:\/\/grupoican.com.br\/evento-modernizacao-dos-espacos-de-memoria\/","url":"https:\/\/grupoican.com.br\/evento-modernizacao-dos-espacos-de-memoria\/","name":"Evento: MODERNIZA\u00c7\u00c3O DOS ESPA\u00c7OS DE MEM\u00d3RIA - GrupoIcan","isPartOf":{"@id":"https:\/\/grupoican.com.br\/#website"},"primaryImageOfPage":{"@id":"https:\/\/grupoican.com.br\/evento-modernizacao-dos-espacos-de-memoria\/#primaryimage"},"image":{"@id":"https:\/\/grupoican.com.br\/evento-modernizacao-dos-espacos-de-memoria\/#primaryimage"},"thumbnailUrl":"https:\/\/grupoican.com.br\/wp-content\/uploads\/2022\/06\/299373-avancado-de-2k-por-que-e-importante-investir-na-modernizacao-da-infraestrutura-de-ti.jpeg","datePublished":"2022-06-22T18:35:55+00:00","dateModified":"2022-06-22T18:40:58+00:00","breadcrumb":{"@id":"https:\/\/grupoican.com.br\/evento-modernizacao-dos-espacos-de-memoria\/#breadcrumb"},"inLanguage":"ar","potentialAction":[{"@type":"ReadAction","target":["https:\/\/grupoican.com.br\/evento-modernizacao-dos-espacos-de-memoria\/"]}]},{"@type":"ImageObject","inLanguage":"ar","@id":"https:\/\/grupoican.com.br\/evento-modernizacao-dos-espacos-de-memoria\/#primaryimage","url":"https:\/\/grupoican.com.br\/wp-content\/uploads\/2022\/06\/299373-avancado-de-2k-por-que-e-importante-investir-na-modernizacao-da-infraestrutura-de-ti.jpeg","contentUrl":"https:\/\/grupoican.com.br\/wp-content\/uploads\/2022\/06\/299373-avancado-de-2k-por-que-e-importante-investir-na-modernizacao-da-infraestrutura-de-ti.jpeg","width":2121,"height":1414},{"@type":"BreadcrumbList","@id":"https:\/\/grupoican.com.br\/evento-modernizacao-dos-espacos-de-memoria\/#breadcrumb","itemListElement":[{"@type":"ListItem","position":1,"name":"In\u00edcio","item":"https:\/\/grupoican.com.br\/"},{"@type":"ListItem","position":2,"name":"Evento: MODERNIZA\u00c7\u00c3O DOS ESPA\u00c7OS DE MEM\u00d3RIA"}]},{"@type":"WebSite","@id":"https:\/\/grupoican.com.br\/#website","url":"https:\/\/grupoican.com.br\/","name":"GrupoIcan","description":"Consultoria especializada em gest\u00e3o empresarial e \u00e1rea de petr\u00f3leo e g\u00e1s.","publisher":{"@id":"https:\/\/grupoican.com.br\/#organization"},"potentialAction":[{"@type":"SearchAction","target":{"@type":"EntryPoint","urlTemplate":"https:\/\/grupoican.com.br\/?s={search_term_string}"},"query-input":{"@type":"PropertyValueSpecification","valueRequired":true,"valueName":"search_term_string"}}],"inLanguage":"ar"},{"@type":"Organization","@id":"https:\/\/grupoican.com.br\/#organization","name":"GrupoIcan","url":"https:\/\/grupoican.com.br\/","logo":{"@type":"ImageObject","inLanguage":"ar","@id":"https:\/\/grupoican.com.br\/#\/schema\/logo\/image\/","url":"https:\/\/grupoican.com.br\/wp-content\/uploads\/2021\/09\/logo-icanbe.png","contentUrl":"https:\/\/grupoican.com.br\/wp-content\/uploads\/2021\/09\/logo-icanbe.png","width":1855,"height":1573,"caption":"GrupoIcan"},"image":{"@id":"https:\/\/grupoican.com.br\/#\/schema\/logo\/image\/"}},{"@type":"Person","@id":"https:\/\/grupoican.com.br\/#\/schema\/person\/f88a9177f15ebafd5a3fe8308c8cde83","name":"Admin","image":{"@type":"ImageObject","inLanguage":"ar","@id":"https:\/\/grupoican.com.br\/#\/schema\/person\/image\/","url":"https:\/\/secure.gravatar.com\/avatar\/69947cc14238bc906a53010b047a4ad9ff20eacca93f5c5f6f0efd85a7a249aa?s=96&d=mm&r=g","contentUrl":"https:\/\/secure.gravatar.com\/avatar\/69947cc14238bc906a53010b047a4ad9ff20eacca93f5c5f6f0efd85a7a249aa?s=96&d=mm&r=g","caption":"Admin"},"sameAs":["http:\/\/grupoican.com.br"],"url":"https:\/\/grupoican.com.br\/ar\/author\/admin\/"}]}},"amp_enabled":true,"_links":{"self":[{"href":"https:\/\/grupoican.com.br\/ar\/wp-json\/wp\/v2\/posts\/1823","targetHints":{"allow":["GET"]}}],"collection":[{"href":"https:\/\/grupoican.com.br\/ar\/wp-json\/wp\/v2\/posts"}],"about":[{"href":"https:\/\/grupoican.com.br\/ar\/wp-json\/wp\/v2\/types\/post"}],"author":[{"embeddable":true,"href":"https:\/\/grupoican.com.br\/ar\/wp-json\/wp\/v2\/users\/1"}],"replies":[{"embeddable":true,"href":"https:\/\/grupoican.com.br\/ar\/wp-json\/wp\/v2\/comments?post=1823"}],"version-history":[{"count":0,"href":"https:\/\/grupoican.com.br\/ar\/wp-json\/wp\/v2\/posts\/1823\/revisions"}],"wp:featuredmedia":[{"embeddable":true,"href":"https:\/\/grupoican.com.br\/ar\/wp-json\/wp\/v2\/media\/1834"}],"wp:attachment":[{"href":"https:\/\/grupoican.com.br\/ar\/wp-json\/wp\/v2\/media?parent=1823"}],"wp:term":[{"taxonomy":"category","embeddable":true,"href":"https:\/\/grupoican.com.br\/ar\/wp-json\/wp\/v2\/categories?post=1823"},{"taxonomy":"post_tag","embeddable":true,"href":"https:\/\/grupoican.com.br\/ar\/wp-json\/wp\/v2\/tags?post=1823"}],"curies":[{"name":"wp","href":"https:\/\/api.w.org\/{rel}","templated":true}]}}