{"id":1088,"date":"2022-03-13T23:25:35","date_gmt":"2022-03-14T02:25:35","guid":{"rendered":"https:\/\/grupoican.com.br\/?p=1088"},"modified":"2022-06-20T11:53:04","modified_gmt":"2022-06-20T14:53:04","slug":"o-sistema-de-gestao-de-sua-empresa-tem-mais-de-10-anos","status":"publish","type":"post","link":"https:\/\/grupoican.com.br\/de\/o-sistema-de-gestao-de-sua-empresa-tem-mais-de-10-anos\/","title":{"rendered":"Ist das Managementsystem Ihres Unternehmens \u00e4lter als 10 Jahre?"},"content":{"rendered":"<p>Ich habe die Entwicklung des Unternehmensmanagements verfolgt und m\u00f6chte mit Ihnen einige \u00dcberlegungen zu den Auswirkungen teilen, wenn ein Managementsystem seit mehr als 10 Jahren implementiert wird. Lass uns gehen?<\/p>\n\n\n\n<p>Seit 1994 habe ich meinen Weg begonnen, Managementmodelle und integrierte Managementsysteme zu entwerfen, basierend auf den Anforderungen internationaler Standards, Kundenanforderungen, beh\u00f6rdlichen Anforderungen und der Implementierung dieser Systeme und der \u00dcberwachung der Entwicklung.<\/p>\n\n\n\n<p>NBR ISO 9000:2015 definiert ein Managementsystem als \u201eeine Reihe miteinander verbundener oder interagierender Elemente einer Organisation zur Festlegung von Richtlinien, Zielen und Prozessen zur Erreichung dieser Ziele\u201c und dass \u201eein Managementsystem eine einzelne Disziplin oder mehrere Disziplinen, z. B. Qualit\u00e4t, ansprechen kann Management, Finanzmanagement, Umweltmanagement, Verm\u00f6gensverwaltung.<\/p>\n\n\n\n<p>Es stellt sich heraus, dass eine gro\u00dfe Anzahl von Unternehmen damit begonnen hat, ein integriertes Managementsystem mit dem Akronym SGI oder Integrated Management System (SIG), das eigentlich dasselbe wie SGI oder GIS ist, zu strukturieren und mehrere Disziplinen in einem einzigen System zu integrieren.<\/p>\n\n\n\n<p>Ich dr\u00fccke die Taste\u2026 Nach 10 Jahren hat ein integriertes Managementsystem bereits mehrere organisatorische und strukturelle Ver\u00e4nderungen, technologische Ver\u00e4nderungen, personelle Ver\u00e4nderungen, viele interne und externe Audits, Aktionspl\u00e4ne, kritische Analysen durchlaufen. Jedes dieser Ereignisse f\u00f6rderte spezifische \u00c4nderungen in der Struktur des urspr\u00fcnglich implementierten Integrierten Managementsystems, ohne notwendigerweise eine globale Analyse durchgef\u00fchrt zu haben.<\/p>\n\n\n\n<p>Damit habe ich ein paar Tipps f\u00fcr Unternehmen, die seit \u00fcber 10 Jahren haupts\u00e4chlich ein integriertes Managementsystem haben \u2026 sehen Sie sich diese 10 Jahre wieder an.<\/p>\n\n\n\n<p>Tipps:<br>Bek\u00e4mpfung des \u201ePatchwork-Quilt\u201c-Effekts: Die Anforderungen und deren Erf\u00fcllung werden ohne systemische und ganzheitliche Analyse in das Integrierte Managementsystem aufgenommen;<br>Umgang mit dem Thema \u201eGabriela-Syndrom\u201c: Ich wurde so geboren, ich bin so aufgewachsen, ich werde immer so sein \u2026 Die Menschen widersetzen sich dem Ausschluss aus dem Integrierten Managementsystem, dieser Routine, die sie implementiert hat, dieser Excel-Tabelle, obwohl sie es bereits haben ein computerisiertes System;<br>Vermeiden Sie auch das \u201eAusf\u00fcllen des Lochs\u201c: Dieses Verfahren findet direkt nach einem internen oder externen Audit\/Assessment statt, wenn das Unternehmen \u201erennt\u201c, um Nichtkonformit\u00e4ten und Abweichungen zu behandeln und nicht, um das Integrierte zu verbessern Management System;<br>Vermeiden Sie \u201ealten Jargon\u201c: Einige Teammitglieder sagen \u201eIch habe gearbeitet, jetzt werde ich die Dinge tun, die das Managementsystem verlangt\u201c. Dies ist nicht der Fall, es muss klargestellt werden, dass die Arbeit den Empfehlungen des Integrierten Managementsystems entspricht.<\/p>\n\n\n\n<p>Ich werde nicht mehr weitermachen, die oben genannten Tipps und eine gro\u00dfe Bereitschaft aller Teams, angef\u00fchrt von den F\u00fchrungskr\u00e4ften, eine globale kritische Analyse des Integrierten Managementsystems durchzuf\u00fchren, werden \u00fcberm\u00e4\u00dfige Verfahren, interne Kontrollen, \u00dcberwachungen und Leistungsindikatoren, wodurch die Zufriedenheit der Teams, die Produktivit\u00e4t und die Verbesserung der Gesch\u00e4ftsergebnisse gesteigert werden. Unter Ber\u00fccksichtigung, dass die strategischen Treiber und Strategien ein integraler Bestandteil des Managementmodells sind.<\/p>\n\n\n\n<p>Teresa Soares<br>CEO Group Ich kann<br>13.03.2022<\/p>","protected":false},"excerpt":{"rendered":"<p>Eu venho acompanhando a evolu\u00e7\u00e3o da gest\u00e3o das empresas e desejo compartilhar com voc\u00eas algumas considera\u00e7\u00f5es sobre os impactos quando um Sistema de Gest\u00e3o tem mais de 10 anos de implanta\u00e7\u00e3o. Vamos l\u00e1? Desde 1994, comecei a minha trajet\u00f3ria de desenhar Modelos de Gest\u00e3o e Sistemas de Gest\u00e3o Integrados, baseados em requisitos de normas internacionais,&hellip;&nbsp;<a href=\"https:\/\/grupoican.com.br\/de\/o-sistema-de-gestao-de-sua-empresa-tem-mais-de-10-anos\/\" rel=\"bookmark\">Read More &raquo;<span class=\"screen-reader-text\">Ist das Managementsystem Ihres Unternehmens \u00e4lter als 10 Jahre?<\/span><\/a><\/p>","protected":false},"author":2,"featured_media":1701,"comment_status":"open","ping_status":"open","sticky":false,"template":"","format":"standard","meta":{"neve_meta_sidebar":"","neve_meta_container":"","neve_meta_enable_content_width":"","neve_meta_content_width":0,"neve_meta_title_alignment":"","neve_meta_author_avatar":"","neve_post_elements_order":"","neve_meta_disable_header":"","neve_meta_disable_footer":"","neve_meta_disable_title":"","neve_meta_reading_time":"","_joinchat":[],"footnotes":""},"categories":[1],"tags":[],"class_list":["post-1088","post","type-post","status-publish","format-standard","has-post-thumbnail","hentry","category-sem-categoria"],"yoast_head":"<!-- This site is optimized with the Yoast SEO Premium plugin v22.5 (Yoast SEO v24.5) - https:\/\/yoast.com\/wordpress\/plugins\/seo\/ -->\n<title>O Sistema de Gest\u00e3o de sua empresa tem mais de 10 anos? - GrupoIcan<\/title>\n<meta name=\"robots\" content=\"index, follow, max-snippet:-1, max-image-preview:large, max-video-preview:-1\" \/>\n<link rel=\"canonical\" href=\"https:\/\/grupoican.com.br\/de\/o-sistema-de-gestao-de-sua-empresa-tem-mais-de-10-anos\/\" \/>\n<meta property=\"og:locale\" content=\"de_DE\" \/>\n<meta property=\"og:type\" content=\"article\" \/>\n<meta property=\"og:title\" content=\"O Sistema de Gest\u00e3o de sua empresa tem mais de 10 anos?\" \/>\n<meta property=\"og:description\" content=\"Eu venho acompanhando a evolu\u00e7\u00e3o da gest\u00e3o das empresas e desejo compartilhar com voc\u00eas algumas considera\u00e7\u00f5es sobre os impactos quando um Sistema de Gest\u00e3o tem mais de 10 anos de implanta\u00e7\u00e3o. Vamos l\u00e1? Desde 1994, comecei a minha trajet\u00f3ria de desenhar Modelos de Gest\u00e3o e Sistemas de Gest\u00e3o Integrados, baseados em requisitos de normas internacionais,&hellip;&nbsp;Read More &raquo;O Sistema de Gest\u00e3o de sua empresa tem mais de 10 anos?\" \/>\n<meta property=\"og:url\" content=\"https:\/\/grupoican.com.br\/de\/o-sistema-de-gestao-de-sua-empresa-tem-mais-de-10-anos\/\" \/>\n<meta property=\"og:site_name\" content=\"GrupoIcan\" \/>\n<meta property=\"article:published_time\" content=\"2022-03-14T02:25:35+00:00\" \/>\n<meta property=\"article:modified_time\" content=\"2022-06-20T14:53:04+00:00\" \/>\n<meta property=\"og:image\" content=\"http:\/\/grupoican.com.br\/wp-content\/uploads\/2022\/03\/30-calendario-scaled.jpeg\" \/>\n\t<meta property=\"og:image:width\" content=\"2560\" \/>\n\t<meta property=\"og:image:height\" content=\"1708\" \/>\n\t<meta property=\"og:image:type\" content=\"image\/jpeg\" \/>\n<meta name=\"author\" content=\"Tereza Soares\" \/>\n<meta name=\"twitter:card\" content=\"summary_large_image\" \/>\n<meta name=\"twitter:label1\" content=\"Geschrieben von\" \/>\n\t<meta name=\"twitter:data1\" content=\"Tereza Soares\" \/>\n\t<meta name=\"twitter:label2\" content=\"Gesch\u00e4tzte Lesezeit\" \/>\n\t<meta name=\"twitter:data2\" content=\"3\u00a0Minuten\" \/>\n<script type=\"application\/ld+json\" class=\"yoast-schema-graph\">{\"@context\":\"https:\/\/schema.org\",\"@graph\":[{\"@type\":\"Article\",\"@id\":\"https:\/\/grupoican.com.br\/o-sistema-de-gestao-de-sua-empresa-tem-mais-de-10-anos\/#article\",\"isPartOf\":{\"@id\":\"https:\/\/grupoican.com.br\/o-sistema-de-gestao-de-sua-empresa-tem-mais-de-10-anos\/\"},\"author\":{\"name\":\"Tereza Soares\",\"@id\":\"https:\/\/grupoican.com.br\/#\/schema\/person\/41732943ab209853dcb7011960ae7f5f\"},\"headline\":\"O Sistema de Gest\u00e3o de sua empresa tem mais de 10 anos?\",\"datePublished\":\"2022-03-14T02:25:35+00:00\",\"dateModified\":\"2022-06-20T14:53:04+00:00\",\"mainEntityOfPage\":{\"@id\":\"https:\/\/grupoican.com.br\/o-sistema-de-gestao-de-sua-empresa-tem-mais-de-10-anos\/\"},\"wordCount\":544,\"commentCount\":0,\"publisher\":{\"@id\":\"https:\/\/grupoican.com.br\/#organization\"},\"image\":{\"@id\":\"https:\/\/grupoican.com.br\/o-sistema-de-gestao-de-sua-empresa-tem-mais-de-10-anos\/#primaryimage\"},\"thumbnailUrl\":\"https:\/\/grupoican.com.br\/wp-content\/uploads\/2022\/03\/30-calendario-scaled.jpeg\",\"articleSection\":[\"Sem categoria\"],\"inLanguage\":\"de-CH\",\"potentialAction\":[{\"@type\":\"CommentAction\",\"name\":\"Comment\",\"target\":[\"https:\/\/grupoican.com.br\/o-sistema-de-gestao-de-sua-empresa-tem-mais-de-10-anos\/#respond\"]}]},{\"@type\":\"WebPage\",\"@id\":\"https:\/\/grupoican.com.br\/o-sistema-de-gestao-de-sua-empresa-tem-mais-de-10-anos\/\",\"url\":\"https:\/\/grupoican.com.br\/o-sistema-de-gestao-de-sua-empresa-tem-mais-de-10-anos\/\",\"name\":\"O Sistema de Gest\u00e3o de sua empresa tem mais de 10 anos? - GrupoIcan\",\"isPartOf\":{\"@id\":\"https:\/\/grupoican.com.br\/#website\"},\"primaryImageOfPage\":{\"@id\":\"https:\/\/grupoican.com.br\/o-sistema-de-gestao-de-sua-empresa-tem-mais-de-10-anos\/#primaryimage\"},\"image\":{\"@id\":\"https:\/\/grupoican.com.br\/o-sistema-de-gestao-de-sua-empresa-tem-mais-de-10-anos\/#primaryimage\"},\"thumbnailUrl\":\"https:\/\/grupoican.com.br\/wp-content\/uploads\/2022\/03\/30-calendario-scaled.jpeg\",\"datePublished\":\"2022-03-14T02:25:35+00:00\",\"dateModified\":\"2022-06-20T14:53:04+00:00\",\"breadcrumb\":{\"@id\":\"https:\/\/grupoican.com.br\/o-sistema-de-gestao-de-sua-empresa-tem-mais-de-10-anos\/#breadcrumb\"},\"inLanguage\":\"de-CH\",\"potentialAction\":[{\"@type\":\"ReadAction\",\"target\":[\"https:\/\/grupoican.com.br\/o-sistema-de-gestao-de-sua-empresa-tem-mais-de-10-anos\/\"]}]},{\"@type\":\"ImageObject\",\"inLanguage\":\"de-CH\",\"@id\":\"https:\/\/grupoican.com.br\/o-sistema-de-gestao-de-sua-empresa-tem-mais-de-10-anos\/#primaryimage\",\"url\":\"https:\/\/grupoican.com.br\/wp-content\/uploads\/2022\/03\/30-calendario-scaled.jpeg\",\"contentUrl\":\"https:\/\/grupoican.com.br\/wp-content\/uploads\/2022\/03\/30-calendario-scaled.jpeg\",\"width\":2560,\"height\":1708},{\"@type\":\"BreadcrumbList\",\"@id\":\"https:\/\/grupoican.com.br\/o-sistema-de-gestao-de-sua-empresa-tem-mais-de-10-anos\/#breadcrumb\",\"itemListElement\":[{\"@type\":\"ListItem\",\"position\":1,\"name\":\"In\u00edcio\",\"item\":\"https:\/\/grupoican.com.br\/\"},{\"@type\":\"ListItem\",\"position\":2,\"name\":\"O Sistema de Gest\u00e3o de sua empresa tem mais de 10 anos?\"}]},{\"@type\":\"WebSite\",\"@id\":\"https:\/\/grupoican.com.br\/#website\",\"url\":\"https:\/\/grupoican.com.br\/\",\"name\":\"GrupoIcan\",\"description\":\"Consultoria especializada em gest\u00e3o empresarial e \u00e1rea de petr\u00f3leo e g\u00e1s.\",\"publisher\":{\"@id\":\"https:\/\/grupoican.com.br\/#organization\"},\"potentialAction\":[{\"@type\":\"SearchAction\",\"target\":{\"@type\":\"EntryPoint\",\"urlTemplate\":\"https:\/\/grupoican.com.br\/?s={search_term_string}\"},\"query-input\":{\"@type\":\"PropertyValueSpecification\",\"valueRequired\":true,\"valueName\":\"search_term_string\"}}],\"inLanguage\":\"de-CH\"},{\"@type\":\"Organization\",\"@id\":\"https:\/\/grupoican.com.br\/#organization\",\"name\":\"GrupoIcan\",\"url\":\"https:\/\/grupoican.com.br\/\",\"logo\":{\"@type\":\"ImageObject\",\"inLanguage\":\"de-CH\",\"@id\":\"https:\/\/grupoican.com.br\/#\/schema\/logo\/image\/\",\"url\":\"https:\/\/grupoican.com.br\/wp-content\/uploads\/2021\/09\/logo-icanbe.png\",\"contentUrl\":\"https:\/\/grupoican.com.br\/wp-content\/uploads\/2021\/09\/logo-icanbe.png\",\"width\":1855,\"height\":1573,\"caption\":\"GrupoIcan\"},\"image\":{\"@id\":\"https:\/\/grupoican.com.br\/#\/schema\/logo\/image\/\"}},{\"@type\":\"Person\",\"@id\":\"https:\/\/grupoican.com.br\/#\/schema\/person\/41732943ab209853dcb7011960ae7f5f\",\"name\":\"Tereza Soares\",\"image\":{\"@type\":\"ImageObject\",\"inLanguage\":\"de-CH\",\"@id\":\"https:\/\/grupoican.com.br\/#\/schema\/person\/image\/\",\"url\":\"https:\/\/secure.gravatar.com\/avatar\/50ad5d5b2fe34a727c07e8fbb050374b736ca78e93e3d5a80b9c79b91800a774?s=96&d=mm&r=g\",\"contentUrl\":\"https:\/\/secure.gravatar.com\/avatar\/50ad5d5b2fe34a727c07e8fbb050374b736ca78e93e3d5a80b9c79b91800a774?s=96&d=mm&r=g\",\"caption\":\"Tereza Soares\"},\"url\":\"https:\/\/grupoican.com.br\/de\/author\/tereza\/\"}]}<\/script>\n<!-- \/ Yoast SEO Premium plugin. -->","yoast_head_json":{"title":"O Sistema de Gest\u00e3o de sua empresa tem mais de 10 anos? - GrupoIcan","robots":{"index":"index","follow":"follow","max-snippet":"max-snippet:-1","max-image-preview":"max-image-preview:large","max-video-preview":"max-video-preview:-1"},"canonical":"https:\/\/grupoican.com.br\/de\/o-sistema-de-gestao-de-sua-empresa-tem-mais-de-10-anos\/","og_locale":"de_DE","og_type":"article","og_title":"O Sistema de Gest\u00e3o de sua empresa tem mais de 10 anos?","og_description":"Eu venho acompanhando a evolu\u00e7\u00e3o da gest\u00e3o das empresas e desejo compartilhar com voc\u00eas algumas considera\u00e7\u00f5es sobre os impactos quando um Sistema de Gest\u00e3o tem mais de 10 anos de implanta\u00e7\u00e3o. Vamos l\u00e1? Desde 1994, comecei a minha trajet\u00f3ria de desenhar Modelos de Gest\u00e3o e Sistemas de Gest\u00e3o Integrados, baseados em requisitos de normas internacionais,&hellip;&nbsp;Read More &raquo;O Sistema de Gest\u00e3o de sua empresa tem mais de 10 anos?","og_url":"https:\/\/grupoican.com.br\/de\/o-sistema-de-gestao-de-sua-empresa-tem-mais-de-10-anos\/","og_site_name":"GrupoIcan","article_published_time":"2022-03-14T02:25:35+00:00","article_modified_time":"2022-06-20T14:53:04+00:00","og_image":[{"width":2560,"height":1708,"url":"http:\/\/grupoican.com.br\/wp-content\/uploads\/2022\/03\/30-calendario-scaled.jpeg","type":"image\/jpeg"}],"author":"Tereza Soares","twitter_card":"summary_large_image","twitter_misc":{"Geschrieben von":"Tereza Soares","Gesch\u00e4tzte Lesezeit":"3\u00a0Minuten"},"schema":{"@context":"https:\/\/schema.org","@graph":[{"@type":"Article","@id":"https:\/\/grupoican.com.br\/o-sistema-de-gestao-de-sua-empresa-tem-mais-de-10-anos\/#article","isPartOf":{"@id":"https:\/\/grupoican.com.br\/o-sistema-de-gestao-de-sua-empresa-tem-mais-de-10-anos\/"},"author":{"name":"Tereza Soares","@id":"https:\/\/grupoican.com.br\/#\/schema\/person\/41732943ab209853dcb7011960ae7f5f"},"headline":"O Sistema de Gest\u00e3o de sua empresa tem mais de 10 anos?","datePublished":"2022-03-14T02:25:35+00:00","dateModified":"2022-06-20T14:53:04+00:00","mainEntityOfPage":{"@id":"https:\/\/grupoican.com.br\/o-sistema-de-gestao-de-sua-empresa-tem-mais-de-10-anos\/"},"wordCount":544,"commentCount":0,"publisher":{"@id":"https:\/\/grupoican.com.br\/#organization"},"image":{"@id":"https:\/\/grupoican.com.br\/o-sistema-de-gestao-de-sua-empresa-tem-mais-de-10-anos\/#primaryimage"},"thumbnailUrl":"https:\/\/grupoican.com.br\/wp-content\/uploads\/2022\/03\/30-calendario-scaled.jpeg","articleSection":["Sem categoria"],"inLanguage":"de-CH","potentialAction":[{"@type":"CommentAction","name":"Comment","target":["https:\/\/grupoican.com.br\/o-sistema-de-gestao-de-sua-empresa-tem-mais-de-10-anos\/#respond"]}]},{"@type":"WebPage","@id":"https:\/\/grupoican.com.br\/o-sistema-de-gestao-de-sua-empresa-tem-mais-de-10-anos\/","url":"https:\/\/grupoican.com.br\/o-sistema-de-gestao-de-sua-empresa-tem-mais-de-10-anos\/","name":"O Sistema de Gest\u00e3o de sua empresa tem mais de 10 anos? - GrupoIcan","isPartOf":{"@id":"https:\/\/grupoican.com.br\/#website"},"primaryImageOfPage":{"@id":"https:\/\/grupoican.com.br\/o-sistema-de-gestao-de-sua-empresa-tem-mais-de-10-anos\/#primaryimage"},"image":{"@id":"https:\/\/grupoican.com.br\/o-sistema-de-gestao-de-sua-empresa-tem-mais-de-10-anos\/#primaryimage"},"thumbnailUrl":"https:\/\/grupoican.com.br\/wp-content\/uploads\/2022\/03\/30-calendario-scaled.jpeg","datePublished":"2022-03-14T02:25:35+00:00","dateModified":"2022-06-20T14:53:04+00:00","breadcrumb":{"@id":"https:\/\/grupoican.com.br\/o-sistema-de-gestao-de-sua-empresa-tem-mais-de-10-anos\/#breadcrumb"},"inLanguage":"de-CH","potentialAction":[{"@type":"ReadAction","target":["https:\/\/grupoican.com.br\/o-sistema-de-gestao-de-sua-empresa-tem-mais-de-10-anos\/"]}]},{"@type":"ImageObject","inLanguage":"de-CH","@id":"https:\/\/grupoican.com.br\/o-sistema-de-gestao-de-sua-empresa-tem-mais-de-10-anos\/#primaryimage","url":"https:\/\/grupoican.com.br\/wp-content\/uploads\/2022\/03\/30-calendario-scaled.jpeg","contentUrl":"https:\/\/grupoican.com.br\/wp-content\/uploads\/2022\/03\/30-calendario-scaled.jpeg","width":2560,"height":1708},{"@type":"BreadcrumbList","@id":"https:\/\/grupoican.com.br\/o-sistema-de-gestao-de-sua-empresa-tem-mais-de-10-anos\/#breadcrumb","itemListElement":[{"@type":"ListItem","position":1,"name":"In\u00edcio","item":"https:\/\/grupoican.com.br\/"},{"@type":"ListItem","position":2,"name":"O Sistema de Gest\u00e3o de sua empresa tem mais de 10 anos?"}]},{"@type":"WebSite","@id":"https:\/\/grupoican.com.br\/#website","url":"https:\/\/grupoican.com.br\/","name":"GrupoIcan","description":"Consultoria especializada em gest\u00e3o empresarial e \u00e1rea de petr\u00f3leo e g\u00e1s.","publisher":{"@id":"https:\/\/grupoican.com.br\/#organization"},"potentialAction":[{"@type":"SearchAction","target":{"@type":"EntryPoint","urlTemplate":"https:\/\/grupoican.com.br\/?s={search_term_string}"},"query-input":{"@type":"PropertyValueSpecification","valueRequired":true,"valueName":"search_term_string"}}],"inLanguage":"de-CH"},{"@type":"Organization","@id":"https:\/\/grupoican.com.br\/#organization","name":"GrupoIcan","url":"https:\/\/grupoican.com.br\/","logo":{"@type":"ImageObject","inLanguage":"de-CH","@id":"https:\/\/grupoican.com.br\/#\/schema\/logo\/image\/","url":"https:\/\/grupoican.com.br\/wp-content\/uploads\/2021\/09\/logo-icanbe.png","contentUrl":"https:\/\/grupoican.com.br\/wp-content\/uploads\/2021\/09\/logo-icanbe.png","width":1855,"height":1573,"caption":"GrupoIcan"},"image":{"@id":"https:\/\/grupoican.com.br\/#\/schema\/logo\/image\/"}},{"@type":"Person","@id":"https:\/\/grupoican.com.br\/#\/schema\/person\/41732943ab209853dcb7011960ae7f5f","name":"Tereza Soares","image":{"@type":"ImageObject","inLanguage":"de-CH","@id":"https:\/\/grupoican.com.br\/#\/schema\/person\/image\/","url":"https:\/\/secure.gravatar.com\/avatar\/50ad5d5b2fe34a727c07e8fbb050374b736ca78e93e3d5a80b9c79b91800a774?s=96&d=mm&r=g","contentUrl":"https:\/\/secure.gravatar.com\/avatar\/50ad5d5b2fe34a727c07e8fbb050374b736ca78e93e3d5a80b9c79b91800a774?s=96&d=mm&r=g","caption":"Tereza Soares"},"url":"https:\/\/grupoican.com.br\/de\/author\/tereza\/"}]}},"amp_enabled":true,"_links":{"self":[{"href":"https:\/\/grupoican.com.br\/de\/wp-json\/wp\/v2\/posts\/1088","targetHints":{"allow":["GET"]}}],"collection":[{"href":"https:\/\/grupoican.com.br\/de\/wp-json\/wp\/v2\/posts"}],"about":[{"href":"https:\/\/grupoican.com.br\/de\/wp-json\/wp\/v2\/types\/post"}],"author":[{"embeddable":true,"href":"https:\/\/grupoican.com.br\/de\/wp-json\/wp\/v2\/users\/2"}],"replies":[{"embeddable":true,"href":"https:\/\/grupoican.com.br\/de\/wp-json\/wp\/v2\/comments?post=1088"}],"version-history":[{"count":0,"href":"https:\/\/grupoican.com.br\/de\/wp-json\/wp\/v2\/posts\/1088\/revisions"}],"wp:featuredmedia":[{"embeddable":true,"href":"https:\/\/grupoican.com.br\/de\/wp-json\/wp\/v2\/media\/1701"}],"wp:attachment":[{"href":"https:\/\/grupoican.com.br\/de\/wp-json\/wp\/v2\/media?parent=1088"}],"wp:term":[{"taxonomy":"category","embeddable":true,"href":"https:\/\/grupoican.com.br\/de\/wp-json\/wp\/v2\/categories?post=1088"},{"taxonomy":"post_tag","embeddable":true,"href":"https:\/\/grupoican.com.br\/de\/wp-json\/wp\/v2\/tags?post=1088"}],"curies":[{"name":"wp","href":"https:\/\/api.w.org\/{rel}","templated":true}]}}