{"id":15440,"date":"2025-02-14T12:16:26","date_gmt":"2025-02-14T15:16:26","guid":{"rendered":"https:\/\/grupoican.com.br\/?p=15440"},"modified":"2025-02-14T12:51:24","modified_gmt":"2025-02-14T15:51:24","slug":"quando-comeca-a-exploracao-da-margem-equatorial","status":"publish","type":"post","link":"https:\/\/grupoican.com.br\/de\/quando-comeca-a-exploracao-da-margem-equatorial\/","title":{"rendered":"Quando come\u00e7a a explora\u00e7\u00e3o da Margem Equatorial?"},"content":{"rendered":"<p>A Margem Equatorial brasileira \u00e9 uma extensa regi\u00e3o sedimentar localizada ao longo da costa norte do Brasil, abrangendo cinco bacias sedimentares: Foz do Amazonas, Par\u00e1-Maranh\u00e3o, Barreirinhas, Cear\u00e1 e Potiguar. Essa regi\u00e3o tem ganhado destaque devido ao seu potencial para explora\u00e7\u00e3o de petr\u00f3leo e g\u00e1s natural, sendo considerada uma das \u00e1reas mais promissoras do mundo nesse setor.<\/p>\n\n\n\n<h2 class=\"wp-block-heading\" id=\"h-inicio-da-exploracao\">In\u00edcio da Explora\u00e7\u00e3o<\/h2>\n\n\n\n<p>A explora\u00e7\u00e3o da Margem Equatorial ainda depende da libera\u00e7\u00e3o de licen\u00e7as ambientais e de estudos mais detalhados. A Petrobras, principal interessada na regi\u00e3o, tem planos para iniciar perfura\u00e7\u00f5es explorat\u00f3rias nos pr\u00f3ximos anos, dependendo da aprova\u00e7\u00e3o dos \u00f3rg\u00e3os reguladores, como o Instituto Brasileiro do Meio Ambiente e dos Recursos Naturais Renov\u00e1veis (Ibama).<\/p>\n\n\n\n<p>Recentemente, houve discuss\u00f5es entre o governo federal e entidades ambientais para equilibrar o avan\u00e7o da explora\u00e7\u00e3o com a preserva\u00e7\u00e3o ambiental. Caso todas as exig\u00eancias sejam atendidas, espera-se que as primeiras perfura\u00e7\u00f5es ocorram entre 2024 e 2025.<\/p>\n\n\n\n<h2 class=\"wp-block-heading\" id=\"h-localizacao-e-caracteristicas\">Localiza\u00e7\u00e3o e Caracter\u00edsticas<\/h2>\n\n\n\n<p>A Margem Equatorial estende-se desde o Amap\u00e1 at\u00e9 o Rio Grande do Norte, cobrindo uma vasta \u00e1rea ao longo do litoral brasileiro. A sua forma\u00e7\u00e3o geol\u00f3gica tem semelhan\u00e7as com importantes prov\u00edncias petrol\u00edferas da costa africana, como as encontradas na Guiana e no Suriname, onde recentes descobertas de petr\u00f3leo em \u00e1guas profundas despertaram o interesse global.<\/p>\n\n\n\n<h2 class=\"wp-block-heading\" id=\"h-potencial-economico-e-energetico\">Potencial Econ\u00f4mico e Energ\u00e9tico<\/h2>\n\n\n\n<p>Os estudos s\u00edsmicos indicam que a Margem Equatorial pode conter entre <strong>10 e 30 bilh\u00f5es de barris de petr\u00f3leo recuper\u00e1veis<\/strong>, o que a coloca entre as regi\u00f5es com maior potencial de explora\u00e7\u00e3o no Brasil. Se confirmadas essas reservas, a Margem Equatorial pode representar um novo ciclo de crescimento para a ind\u00fastria petrol\u00edfera nacional, atraindo investimentos e gerando empregos.<\/p>\n\n\n\n<h2 class=\"wp-block-heading\" id=\"h-desafios-para-exploracao\">Desafios para Explora\u00e7\u00e3o<\/h2>\n\n\n\n<p>Apesar de seu potencial, a explora\u00e7\u00e3o da Margem Equatorial enfrenta desafios ambientais e regulat\u00f3rios. A regi\u00e3o abriga ecossistemas sens\u00edveis, como recifes de corais e a foz do rio Amazonas, o que gera preocupa\u00e7\u00e3o de ambientalistas e requer uma abordagem cuidadosa para a concess\u00e3o de licen\u00e7as e opera\u00e7\u00f5es seguras.<\/p>\n\n\n\n<p>A Margem Equatorial \u00e9 uma das fronteiras explorat\u00f3rias mais promissoras para o futuro da produ\u00e7\u00e3o de petr\u00f3leo e g\u00e1s no Brasil. No entanto, seu desenvolvimento depender\u00e1 de um equil\u00edbrio entre a explora\u00e7\u00e3o econ\u00f4mica e a preserva\u00e7\u00e3o ambiental, garantindo que a riqueza natural seja aproveitada de maneira respons\u00e1vel e sustent\u00e1vel.<\/p>","protected":false},"excerpt":{"rendered":"<p>A Margem Equatorial brasileira \u00e9 uma extensa regi\u00e3o sedimentar localizada ao longo da costa norte do Brasil, abrangendo cinco bacias sedimentares: Foz do Amazonas, Par\u00e1-Maranh\u00e3o, Barreirinhas, Cear\u00e1 e Potiguar. Essa regi\u00e3o tem ganhado destaque devido ao seu potencial para explora\u00e7\u00e3o de petr\u00f3leo e g\u00e1s natural, sendo considerada uma das \u00e1reas mais promissoras do mundo nesse&hellip;&nbsp;<a href=\"https:\/\/grupoican.com.br\/de\/quando-comeca-a-exploracao-da-margem-equatorial\/\" rel=\"bookmark\">Read More &raquo;<span class=\"screen-reader-text\">Quando come\u00e7a a explora\u00e7\u00e3o da Margem Equatorial?<\/span><\/a><\/p>","protected":false},"author":1,"featured_media":15431,"comment_status":"open","ping_status":"closed","sticky":false,"template":"","format":"standard","meta":{"neve_meta_sidebar":"","neve_meta_container":"","neve_meta_enable_content_width":"","neve_meta_content_width":0,"neve_meta_title_alignment":"","neve_meta_author_avatar":"","neve_post_elements_order":"","neve_meta_disable_header":"","neve_meta_disable_footer":"","neve_meta_disable_title":"","neve_meta_reading_time":"","_joinchat":[],"footnotes":""},"categories":[3166],"tags":[],"class_list":["post-15440","post","type-post","status-publish","format-standard","has-post-thumbnail","hentry","category-perguntas-frequentes"],"yoast_head":"<!-- This site is optimized with the Yoast SEO Premium plugin v22.5 (Yoast SEO v24.5) - https:\/\/yoast.com\/wordpress\/plugins\/seo\/ -->\n<title>Quando come\u00e7a a explora\u00e7\u00e3o da Margem Equatorial? - GrupoIcan<\/title>\n<meta name=\"robots\" content=\"index, follow, max-snippet:-1, max-image-preview:large, max-video-preview:-1\" \/>\n<link rel=\"canonical\" href=\"https:\/\/grupoican.com.br\/de\/quando-comeca-a-exploracao-da-margem-equatorial\/\" \/>\n<meta property=\"og:locale\" content=\"de_DE\" \/>\n<meta property=\"og:type\" content=\"article\" \/>\n<meta property=\"og:title\" content=\"Quando come\u00e7a a explora\u00e7\u00e3o da Margem Equatorial?\" \/>\n<meta property=\"og:description\" content=\"A Margem Equatorial brasileira \u00e9 uma extensa regi\u00e3o sedimentar localizada ao longo da costa norte do Brasil, abrangendo cinco bacias sedimentares: Foz do Amazonas, Par\u00e1-Maranh\u00e3o, Barreirinhas, Cear\u00e1 e Potiguar. Essa regi\u00e3o tem ganhado destaque devido ao seu potencial para explora\u00e7\u00e3o de petr\u00f3leo e g\u00e1s natural, sendo considerada uma das \u00e1reas mais promissoras do mundo nesse&hellip;&nbsp;Read More &raquo;Quando come\u00e7a a explora\u00e7\u00e3o da Margem Equatorial?\" \/>\n<meta property=\"og:url\" content=\"https:\/\/grupoican.com.br\/de\/quando-comeca-a-exploracao-da-margem-equatorial\/\" \/>\n<meta property=\"og:site_name\" content=\"GrupoIcan\" \/>\n<meta property=\"article:published_time\" content=\"2025-02-14T15:16:26+00:00\" \/>\n<meta property=\"article:modified_time\" content=\"2025-02-14T15:51:24+00:00\" \/>\n<meta property=\"og:image\" content=\"https:\/\/grupoican.com.br\/wp-content\/uploads\/2025\/02\/petrobras-margem-equatorial-mapa-interno1.jpg\" \/>\n\t<meta property=\"og:image:width\" content=\"1920\" \/>\n\t<meta property=\"og:image:height\" content=\"1080\" \/>\n\t<meta property=\"og:image:type\" content=\"image\/jpeg\" \/>\n<meta name=\"author\" content=\"Admin\" \/>\n<meta name=\"twitter:card\" content=\"summary_large_image\" \/>\n<meta name=\"twitter:label1\" content=\"Geschrieben von\" \/>\n\t<meta name=\"twitter:data1\" content=\"Admin\" \/>\n\t<meta name=\"twitter:label2\" content=\"Gesch\u00e4tzte Lesezeit\" \/>\n\t<meta name=\"twitter:data2\" content=\"3\u00a0Minuten\" \/>\n<script type=\"application\/ld+json\" class=\"yoast-schema-graph\">{\"@context\":\"https:\/\/schema.org\",\"@graph\":[{\"@type\":\"Article\",\"@id\":\"https:\/\/grupoican.com.br\/quando-comeca-a-exploracao-da-margem-equatorial\/#article\",\"isPartOf\":{\"@id\":\"https:\/\/grupoican.com.br\/quando-comeca-a-exploracao-da-margem-equatorial\/\"},\"author\":{\"name\":\"Admin\",\"@id\":\"https:\/\/grupoican.com.br\/#\/schema\/person\/f88a9177f15ebafd5a3fe8308c8cde83\"},\"headline\":\"Quando come\u00e7a a explora\u00e7\u00e3o da Margem Equatorial?\",\"datePublished\":\"2025-02-14T15:16:26+00:00\",\"dateModified\":\"2025-02-14T15:51:24+00:00\",\"mainEntityOfPage\":{\"@id\":\"https:\/\/grupoican.com.br\/quando-comeca-a-exploracao-da-margem-equatorial\/\"},\"wordCount\":431,\"commentCount\":0,\"publisher\":{\"@id\":\"https:\/\/grupoican.com.br\/#organization\"},\"image\":{\"@id\":\"https:\/\/grupoican.com.br\/quando-comeca-a-exploracao-da-margem-equatorial\/#primaryimage\"},\"thumbnailUrl\":\"https:\/\/grupoican.com.br\/wp-content\/uploads\/2025\/02\/petrobras-margem-equatorial-mapa-interno1.jpg\",\"articleSection\":[\"Perguntas-Frequentes\"],\"inLanguage\":\"de-CH\",\"potentialAction\":[{\"@type\":\"CommentAction\",\"name\":\"Comment\",\"target\":[\"https:\/\/grupoican.com.br\/quando-comeca-a-exploracao-da-margem-equatorial\/#respond\"]}]},{\"@type\":\"WebPage\",\"@id\":\"https:\/\/grupoican.com.br\/quando-comeca-a-exploracao-da-margem-equatorial\/\",\"url\":\"https:\/\/grupoican.com.br\/quando-comeca-a-exploracao-da-margem-equatorial\/\",\"name\":\"Quando come\u00e7a a explora\u00e7\u00e3o da Margem Equatorial? - GrupoIcan\",\"isPartOf\":{\"@id\":\"https:\/\/grupoican.com.br\/#website\"},\"primaryImageOfPage\":{\"@id\":\"https:\/\/grupoican.com.br\/quando-comeca-a-exploracao-da-margem-equatorial\/#primaryimage\"},\"image\":{\"@id\":\"https:\/\/grupoican.com.br\/quando-comeca-a-exploracao-da-margem-equatorial\/#primaryimage\"},\"thumbnailUrl\":\"https:\/\/grupoican.com.br\/wp-content\/uploads\/2025\/02\/petrobras-margem-equatorial-mapa-interno1.jpg\",\"datePublished\":\"2025-02-14T15:16:26+00:00\",\"dateModified\":\"2025-02-14T15:51:24+00:00\",\"breadcrumb\":{\"@id\":\"https:\/\/grupoican.com.br\/quando-comeca-a-exploracao-da-margem-equatorial\/#breadcrumb\"},\"inLanguage\":\"de-CH\",\"potentialAction\":[{\"@type\":\"ReadAction\",\"target\":[\"https:\/\/grupoican.com.br\/quando-comeca-a-exploracao-da-margem-equatorial\/\"]}]},{\"@type\":\"ImageObject\",\"inLanguage\":\"de-CH\",\"@id\":\"https:\/\/grupoican.com.br\/quando-comeca-a-exploracao-da-margem-equatorial\/#primaryimage\",\"url\":\"https:\/\/grupoican.com.br\/wp-content\/uploads\/2025\/02\/petrobras-margem-equatorial-mapa-interno1.jpg\",\"contentUrl\":\"https:\/\/grupoican.com.br\/wp-content\/uploads\/2025\/02\/petrobras-margem-equatorial-mapa-interno1.jpg\",\"width\":1920,\"height\":1080},{\"@type\":\"BreadcrumbList\",\"@id\":\"https:\/\/grupoican.com.br\/quando-comeca-a-exploracao-da-margem-equatorial\/#breadcrumb\",\"itemListElement\":[{\"@type\":\"ListItem\",\"position\":1,\"name\":\"In\u00edcio\",\"item\":\"https:\/\/grupoican.com.br\/\"},{\"@type\":\"ListItem\",\"position\":2,\"name\":\"Quando come\u00e7a a explora\u00e7\u00e3o da Margem Equatorial?\"}]},{\"@type\":\"WebSite\",\"@id\":\"https:\/\/grupoican.com.br\/#website\",\"url\":\"https:\/\/grupoican.com.br\/\",\"name\":\"GrupoIcan\",\"description\":\"Consultoria especializada em gest\u00e3o empresarial e \u00e1rea de petr\u00f3leo e g\u00e1s.\",\"publisher\":{\"@id\":\"https:\/\/grupoican.com.br\/#organization\"},\"potentialAction\":[{\"@type\":\"SearchAction\",\"target\":{\"@type\":\"EntryPoint\",\"urlTemplate\":\"https:\/\/grupoican.com.br\/?s={search_term_string}\"},\"query-input\":{\"@type\":\"PropertyValueSpecification\",\"valueRequired\":true,\"valueName\":\"search_term_string\"}}],\"inLanguage\":\"de-CH\"},{\"@type\":\"Organization\",\"@id\":\"https:\/\/grupoican.com.br\/#organization\",\"name\":\"GrupoIcan\",\"url\":\"https:\/\/grupoican.com.br\/\",\"logo\":{\"@type\":\"ImageObject\",\"inLanguage\":\"de-CH\",\"@id\":\"https:\/\/grupoican.com.br\/#\/schema\/logo\/image\/\",\"url\":\"https:\/\/grupoican.com.br\/wp-content\/uploads\/2021\/09\/logo-icanbe.png\",\"contentUrl\":\"https:\/\/grupoican.com.br\/wp-content\/uploads\/2021\/09\/logo-icanbe.png\",\"width\":1855,\"height\":1573,\"caption\":\"GrupoIcan\"},\"image\":{\"@id\":\"https:\/\/grupoican.com.br\/#\/schema\/logo\/image\/\"}},{\"@type\":\"Person\",\"@id\":\"https:\/\/grupoican.com.br\/#\/schema\/person\/f88a9177f15ebafd5a3fe8308c8cde83\",\"name\":\"Admin\",\"image\":{\"@type\":\"ImageObject\",\"inLanguage\":\"de-CH\",\"@id\":\"https:\/\/grupoican.com.br\/#\/schema\/person\/image\/\",\"url\":\"https:\/\/secure.gravatar.com\/avatar\/69947cc14238bc906a53010b047a4ad9ff20eacca93f5c5f6f0efd85a7a249aa?s=96&d=mm&r=g\",\"contentUrl\":\"https:\/\/secure.gravatar.com\/avatar\/69947cc14238bc906a53010b047a4ad9ff20eacca93f5c5f6f0efd85a7a249aa?s=96&d=mm&r=g\",\"caption\":\"Admin\"},\"sameAs\":[\"http:\/\/grupoican.com.br\"],\"url\":\"https:\/\/grupoican.com.br\/de\/author\/admin\/\"}]}<\/script>\n<!-- \/ Yoast SEO Premium plugin. -->","yoast_head_json":{"title":"Quando come\u00e7a a explora\u00e7\u00e3o da Margem Equatorial? - GrupoIcan","robots":{"index":"index","follow":"follow","max-snippet":"max-snippet:-1","max-image-preview":"max-image-preview:large","max-video-preview":"max-video-preview:-1"},"canonical":"https:\/\/grupoican.com.br\/de\/quando-comeca-a-exploracao-da-margem-equatorial\/","og_locale":"de_DE","og_type":"article","og_title":"Quando come\u00e7a a explora\u00e7\u00e3o da Margem Equatorial?","og_description":"A Margem Equatorial brasileira \u00e9 uma extensa regi\u00e3o sedimentar localizada ao longo da costa norte do Brasil, abrangendo cinco bacias sedimentares: Foz do Amazonas, Par\u00e1-Maranh\u00e3o, Barreirinhas, Cear\u00e1 e Potiguar. Essa regi\u00e3o tem ganhado destaque devido ao seu potencial para explora\u00e7\u00e3o de petr\u00f3leo e g\u00e1s natural, sendo considerada uma das \u00e1reas mais promissoras do mundo nesse&hellip;&nbsp;Read More &raquo;Quando come\u00e7a a explora\u00e7\u00e3o da Margem Equatorial?","og_url":"https:\/\/grupoican.com.br\/de\/quando-comeca-a-exploracao-da-margem-equatorial\/","og_site_name":"GrupoIcan","article_published_time":"2025-02-14T15:16:26+00:00","article_modified_time":"2025-02-14T15:51:24+00:00","og_image":[{"width":1920,"height":1080,"url":"https:\/\/grupoican.com.br\/wp-content\/uploads\/2025\/02\/petrobras-margem-equatorial-mapa-interno1.jpg","type":"image\/jpeg"}],"author":"Admin","twitter_card":"summary_large_image","twitter_misc":{"Geschrieben von":"Admin","Gesch\u00e4tzte Lesezeit":"3\u00a0Minuten"},"schema":{"@context":"https:\/\/schema.org","@graph":[{"@type":"Article","@id":"https:\/\/grupoican.com.br\/quando-comeca-a-exploracao-da-margem-equatorial\/#article","isPartOf":{"@id":"https:\/\/grupoican.com.br\/quando-comeca-a-exploracao-da-margem-equatorial\/"},"author":{"name":"Admin","@id":"https:\/\/grupoican.com.br\/#\/schema\/person\/f88a9177f15ebafd5a3fe8308c8cde83"},"headline":"Quando come\u00e7a a explora\u00e7\u00e3o da Margem Equatorial?","datePublished":"2025-02-14T15:16:26+00:00","dateModified":"2025-02-14T15:51:24+00:00","mainEntityOfPage":{"@id":"https:\/\/grupoican.com.br\/quando-comeca-a-exploracao-da-margem-equatorial\/"},"wordCount":431,"commentCount":0,"publisher":{"@id":"https:\/\/grupoican.com.br\/#organization"},"image":{"@id":"https:\/\/grupoican.com.br\/quando-comeca-a-exploracao-da-margem-equatorial\/#primaryimage"},"thumbnailUrl":"https:\/\/grupoican.com.br\/wp-content\/uploads\/2025\/02\/petrobras-margem-equatorial-mapa-interno1.jpg","articleSection":["Perguntas-Frequentes"],"inLanguage":"de-CH","potentialAction":[{"@type":"CommentAction","name":"Comment","target":["https:\/\/grupoican.com.br\/quando-comeca-a-exploracao-da-margem-equatorial\/#respond"]}]},{"@type":"WebPage","@id":"https:\/\/grupoican.com.br\/quando-comeca-a-exploracao-da-margem-equatorial\/","url":"https:\/\/grupoican.com.br\/quando-comeca-a-exploracao-da-margem-equatorial\/","name":"Quando come\u00e7a a explora\u00e7\u00e3o da Margem Equatorial? - GrupoIcan","isPartOf":{"@id":"https:\/\/grupoican.com.br\/#website"},"primaryImageOfPage":{"@id":"https:\/\/grupoican.com.br\/quando-comeca-a-exploracao-da-margem-equatorial\/#primaryimage"},"image":{"@id":"https:\/\/grupoican.com.br\/quando-comeca-a-exploracao-da-margem-equatorial\/#primaryimage"},"thumbnailUrl":"https:\/\/grupoican.com.br\/wp-content\/uploads\/2025\/02\/petrobras-margem-equatorial-mapa-interno1.jpg","datePublished":"2025-02-14T15:16:26+00:00","dateModified":"2025-02-14T15:51:24+00:00","breadcrumb":{"@id":"https:\/\/grupoican.com.br\/quando-comeca-a-exploracao-da-margem-equatorial\/#breadcrumb"},"inLanguage":"de-CH","potentialAction":[{"@type":"ReadAction","target":["https:\/\/grupoican.com.br\/quando-comeca-a-exploracao-da-margem-equatorial\/"]}]},{"@type":"ImageObject","inLanguage":"de-CH","@id":"https:\/\/grupoican.com.br\/quando-comeca-a-exploracao-da-margem-equatorial\/#primaryimage","url":"https:\/\/grupoican.com.br\/wp-content\/uploads\/2025\/02\/petrobras-margem-equatorial-mapa-interno1.jpg","contentUrl":"https:\/\/grupoican.com.br\/wp-content\/uploads\/2025\/02\/petrobras-margem-equatorial-mapa-interno1.jpg","width":1920,"height":1080},{"@type":"BreadcrumbList","@id":"https:\/\/grupoican.com.br\/quando-comeca-a-exploracao-da-margem-equatorial\/#breadcrumb","itemListElement":[{"@type":"ListItem","position":1,"name":"In\u00edcio","item":"https:\/\/grupoican.com.br\/"},{"@type":"ListItem","position":2,"name":"Quando come\u00e7a a explora\u00e7\u00e3o da Margem Equatorial?"}]},{"@type":"WebSite","@id":"https:\/\/grupoican.com.br\/#website","url":"https:\/\/grupoican.com.br\/","name":"GrupoIcan","description":"Consultoria especializada em gest\u00e3o empresarial e \u00e1rea de petr\u00f3leo e g\u00e1s.","publisher":{"@id":"https:\/\/grupoican.com.br\/#organization"},"potentialAction":[{"@type":"SearchAction","target":{"@type":"EntryPoint","urlTemplate":"https:\/\/grupoican.com.br\/?s={search_term_string}"},"query-input":{"@type":"PropertyValueSpecification","valueRequired":true,"valueName":"search_term_string"}}],"inLanguage":"de-CH"},{"@type":"Organization","@id":"https:\/\/grupoican.com.br\/#organization","name":"GrupoIcan","url":"https:\/\/grupoican.com.br\/","logo":{"@type":"ImageObject","inLanguage":"de-CH","@id":"https:\/\/grupoican.com.br\/#\/schema\/logo\/image\/","url":"https:\/\/grupoican.com.br\/wp-content\/uploads\/2021\/09\/logo-icanbe.png","contentUrl":"https:\/\/grupoican.com.br\/wp-content\/uploads\/2021\/09\/logo-icanbe.png","width":1855,"height":1573,"caption":"GrupoIcan"},"image":{"@id":"https:\/\/grupoican.com.br\/#\/schema\/logo\/image\/"}},{"@type":"Person","@id":"https:\/\/grupoican.com.br\/#\/schema\/person\/f88a9177f15ebafd5a3fe8308c8cde83","name":"Admin","image":{"@type":"ImageObject","inLanguage":"de-CH","@id":"https:\/\/grupoican.com.br\/#\/schema\/person\/image\/","url":"https:\/\/secure.gravatar.com\/avatar\/69947cc14238bc906a53010b047a4ad9ff20eacca93f5c5f6f0efd85a7a249aa?s=96&d=mm&r=g","contentUrl":"https:\/\/secure.gravatar.com\/avatar\/69947cc14238bc906a53010b047a4ad9ff20eacca93f5c5f6f0efd85a7a249aa?s=96&d=mm&r=g","caption":"Admin"},"sameAs":["http:\/\/grupoican.com.br"],"url":"https:\/\/grupoican.com.br\/de\/author\/admin\/"}]}},"amp_enabled":true,"_links":{"self":[{"href":"https:\/\/grupoican.com.br\/de\/wp-json\/wp\/v2\/posts\/15440","targetHints":{"allow":["GET"]}}],"collection":[{"href":"https:\/\/grupoican.com.br\/de\/wp-json\/wp\/v2\/posts"}],"about":[{"href":"https:\/\/grupoican.com.br\/de\/wp-json\/wp\/v2\/types\/post"}],"author":[{"embeddable":true,"href":"https:\/\/grupoican.com.br\/de\/wp-json\/wp\/v2\/users\/1"}],"replies":[{"embeddable":true,"href":"https:\/\/grupoican.com.br\/de\/wp-json\/wp\/v2\/comments?post=15440"}],"version-history":[{"count":1,"href":"https:\/\/grupoican.com.br\/de\/wp-json\/wp\/v2\/posts\/15440\/revisions"}],"predecessor-version":[{"id":15442,"href":"https:\/\/grupoican.com.br\/de\/wp-json\/wp\/v2\/posts\/15440\/revisions\/15442"}],"wp:featuredmedia":[{"embeddable":true,"href":"https:\/\/grupoican.com.br\/de\/wp-json\/wp\/v2\/media\/15431"}],"wp:attachment":[{"href":"https:\/\/grupoican.com.br\/de\/wp-json\/wp\/v2\/media?parent=15440"}],"wp:term":[{"taxonomy":"category","embeddable":true,"href":"https:\/\/grupoican.com.br\/de\/wp-json\/wp\/v2\/categories?post=15440"},{"taxonomy":"post_tag","embeddable":true,"href":"https:\/\/grupoican.com.br\/de\/wp-json\/wp\/v2\/tags?post=15440"}],"curies":[{"name":"wp","href":"https:\/\/api.w.org\/{rel}","templated":true}]}}