{"id":2522,"date":"2022-09-21T13:50:53","date_gmt":"2022-09-21T16:50:53","guid":{"rendered":"https:\/\/grupoican.com.br\/?p=2522"},"modified":"2022-09-26T14:33:21","modified_gmt":"2022-09-26T17:33:21","slug":"por-onde-andam","status":"publish","type":"post","link":"https:\/\/grupoican.com.br\/de\/por-onde-andam\/","title":{"rendered":"Serie: Menschen unserer Geschichte"},"content":{"rendered":"<div data-elementor-type=\"wp-post\" data-elementor-id=\"2522\" class=\"elementor elementor-2522\" data-elementor-post-type=\"post\">\n\t\t\t\t\t\t<section class=\"elementor-section elementor-top-section elementor-element elementor-element-1a7e6ae elementor-section-boxed elementor-section-height-default elementor-section-height-default\" data-id=\"1a7e6ae\" data-element_type=\"section\">\n\t\t\t\t\t\t<div class=\"elementor-container elementor-column-gap-default\">\n\t\t\t\t\t<div class=\"elementor-column elementor-col-100 elementor-top-column elementor-element elementor-element-1600189\" data-id=\"1600189\" data-element_type=\"column\">\n\t\t\t<div class=\"elementor-widget-wrap elementor-element-populated\">\n\t\t\t\t\t\t<div class=\"elementor-element elementor-element-dbd0f41 elementor-widget elementor-widget-heading\" data-id=\"dbd0f41\" data-element_type=\"widget\" data-widget_type=\"heading.default\">\n\t\t\t\t<div class=\"elementor-widget-container\">\n\t\t\t\t\t<h2 class=\"elementor-heading-title elementor-size-default\">Wie stolz auf dich!<\/h2>\t\t\t\t<\/div>\n\t\t\t\t<\/div>\n\t\t\t\t\t<\/div>\n\t\t<\/div>\n\t\t\t\t\t<\/div>\n\t\t<\/section>\n\t\t\t\t<section class=\"elementor-section elementor-top-section elementor-element elementor-element-71b2212e elementor-section-boxed elementor-section-height-default elementor-section-height-default\" data-id=\"71b2212e\" data-element_type=\"section\">\n\t\t\t\t\t\t<div class=\"elementor-container elementor-column-gap-default\">\n\t\t\t\t\t<div class=\"elementor-column elementor-col-100 elementor-top-column elementor-element elementor-element-4a7691dd\" data-id=\"4a7691dd\" data-element_type=\"column\">\n\t\t\t<div class=\"elementor-widget-wrap elementor-element-populated\">\n\t\t\t\t\t\t<div class=\"elementor-element elementor-element-19a92733 elementor-widget elementor-widget-text-editor\" data-id=\"19a92733\" data-element_type=\"widget\" data-widget_type=\"text-editor.default\">\n\t\t\t\t<div class=\"elementor-widget-container\">\n\t\t\t\t\t\t\t\t\t\n<p>Von links nach rechts: Daniel Resemini, Tereza Soares, Marino Muratore und Matheus Gronow<\/p>\n<p>Im Jahr 2014 f\u00fchrte unser Unternehmen ein Projekt mit dem Ziel von Ocean Rig do Brasil durch, Ma\u00dfnahmen zur Verhinderung von Zwischenf\u00e4llen zu ergreifen, mit Schwerpunkt auf herabfallenden Gegenst\u00e4nden (\u201eDrop\u201c), Mykonos-, Mylos- und Corcovado-Schiffen.<\/p>\n<p>Der H\u00f6hepunkt dieses Projekts war die Teilnahme der jungen Talente Daniel Resemini und Matheus Gronow, die beide gerade ihren Bachelor in Petroleum Engineering abgeschlossen hatten. Sie wurden von mir, Tereza Soares und Marino Muratore betreut.<\/p>\n<p>Nach 08 Jahren ist ihre Flugbahn ein echter Erfolg.<\/p>\n<p>Daniel Resemini ist Vorstandsvorsitzender |<a href=\"https:\/\/www.deltavengenharia.com\/\" target=\"_blank\" rel=\"noopener\"> DeltaV Raumfahrttechnik.<\/a> Dieses Startup erhielt eine \u00f6ffentliche Bekanntmachung\/Subvention in H\u00f6he von 8 Millionen R$, um einen Prototyp einer Trainingsrakete zu erm\u00f6glichen, die von der brasilianischen Weltraumagentur (AEB), dem Ministerium f\u00fcr Wissenschaft und Technologie und FINEP konzipiert wurde.<\/p>\n<p>Matheus Gronow ist Lead Technical Sales Engineer bei der LESER GmbH &amp; Co. KG in Hamburg, Deutschland, und leitet ein Team von 6 Ingenieuren in der Zentrale und 25 Ingenieuren in der Vertriebsabteilung Asien.<\/p>\n<p>Warten Sie auf den n\u00e4chsten Artikel, um mehr Talente zu enth\u00fcllen, die bereits Teil des Grupo I can-Teams waren.<\/p>\n\t\t\t\t\t\t\t\t<\/div>\n\t\t\t\t<\/div>\n\t\t\t\t\t<\/div>\n\t\t<\/div>\n\t\t\t\t\t<\/div>\n\t\t<\/section>\n\t\t\t\t<\/div>","protected":false},"excerpt":{"rendered":"<p>Quanto orgulho de voc\u00eas! Da esquerda para a direita: Daniel Resemini, Tereza Soares, Marino Muratore e Matheus Gronow Em 2014, a nossa empresa, executou um projeto com o objetivo da Ocean Rig do Brasil adotar a\u00e7\u00f5es para prevenir incidentes, com destaque para queda de objetos (\u201cDrop\u201d), navios Mykonos, Mylos e Corcovado. O destaque deste projeto&hellip;&nbsp;<a href=\"https:\/\/grupoican.com.br\/de\/por-onde-andam\/\" rel=\"bookmark\">Read More &raquo;<span class=\"screen-reader-text\">Serie: Menschen unserer Geschichte<\/span><\/a><\/p>","protected":false},"author":1,"featured_media":2524,"comment_status":"open","ping_status":"open","sticky":false,"template":"","format":"standard","meta":{"neve_meta_sidebar":"","neve_meta_container":"","neve_meta_enable_content_width":"","neve_meta_content_width":0,"neve_meta_title_alignment":"","neve_meta_author_avatar":"","neve_post_elements_order":"","neve_meta_disable_header":"","neve_meta_disable_footer":"","neve_meta_disable_title":"","neve_meta_reading_time":"","_joinchat":[],"footnotes":""},"categories":[1208],"tags":[],"class_list":["post-2522","post","type-post","status-publish","format-standard","has-post-thumbnail","hentry","category-blog"],"yoast_head":"<!-- This site is optimized with the Yoast SEO Premium plugin v22.5 (Yoast SEO v24.5) - https:\/\/yoast.com\/wordpress\/plugins\/seo\/ -->\n<title>S\u00e9rie: Pessoas da Nossa Hist\u00f3ria - GrupoIcan<\/title>\n<meta name=\"robots\" content=\"index, follow, max-snippet:-1, max-image-preview:large, max-video-preview:-1\" \/>\n<link rel=\"canonical\" href=\"https:\/\/grupoican.com.br\/de\/por-onde-andam\/\" \/>\n<meta property=\"og:locale\" content=\"de_DE\" \/>\n<meta property=\"og:type\" content=\"article\" \/>\n<meta property=\"og:title\" content=\"S\u00e9rie: Pessoas da Nossa Hist\u00f3ria\" \/>\n<meta property=\"og:description\" content=\"Quanto orgulho de voc\u00eas! Da esquerda para a direita: Daniel Resemini, Tereza Soares, Marino Muratore e Matheus Gronow Em 2014, a nossa empresa, executou um projeto com o objetivo da Ocean Rig do Brasil adotar a\u00e7\u00f5es para prevenir incidentes, com destaque para queda de objetos (\u201cDrop\u201d), navios Mykonos, Mylos e Corcovado. O destaque deste projeto&hellip;&nbsp;Read More &raquo;S\u00e9rie: Pessoas da Nossa Hist\u00f3ria\" \/>\n<meta property=\"og:url\" content=\"https:\/\/grupoican.com.br\/de\/por-onde-andam\/\" \/>\n<meta property=\"og:site_name\" content=\"GrupoIcan\" \/>\n<meta property=\"article:published_time\" content=\"2022-09-21T16:50:53+00:00\" \/>\n<meta property=\"article:modified_time\" content=\"2022-09-26T17:33:21+00:00\" \/>\n<meta property=\"og:image\" content=\"https:\/\/grupoican.com.br\/wp-content\/uploads\/2022\/09\/WhatsApp-Image-2022-09-21-at-12.21.24-1.jpeg\" \/>\n\t<meta property=\"og:image:width\" content=\"975\" \/>\n\t<meta property=\"og:image:height\" content=\"751\" \/>\n\t<meta property=\"og:image:type\" content=\"image\/jpeg\" \/>\n<meta name=\"author\" content=\"Admin\" \/>\n<meta name=\"twitter:card\" content=\"summary_large_image\" \/>\n<meta name=\"twitter:label1\" content=\"Geschrieben von\" \/>\n\t<meta name=\"twitter:data1\" content=\"Admin\" \/>\n\t<meta name=\"twitter:label2\" content=\"Gesch\u00e4tzte Lesezeit\" \/>\n\t<meta name=\"twitter:data2\" content=\"2\u00a0Minuten\" \/>\n<script type=\"application\/ld+json\" class=\"yoast-schema-graph\">{\"@context\":\"https:\/\/schema.org\",\"@graph\":[{\"@type\":\"Article\",\"@id\":\"https:\/\/grupoican.com.br\/por-onde-andam\/#article\",\"isPartOf\":{\"@id\":\"https:\/\/grupoican.com.br\/por-onde-andam\/\"},\"author\":{\"name\":\"Admin\",\"@id\":\"https:\/\/grupoican.com.br\/#\/schema\/person\/f88a9177f15ebafd5a3fe8308c8cde83\"},\"headline\":\"S\u00e9rie: Pessoas da Nossa Hist\u00f3ria\",\"datePublished\":\"2022-09-21T16:50:53+00:00\",\"dateModified\":\"2022-09-26T17:33:21+00:00\",\"mainEntityOfPage\":{\"@id\":\"https:\/\/grupoican.com.br\/por-onde-andam\/\"},\"wordCount\":204,\"commentCount\":0,\"publisher\":{\"@id\":\"https:\/\/grupoican.com.br\/#organization\"},\"image\":{\"@id\":\"https:\/\/grupoican.com.br\/por-onde-andam\/#primaryimage\"},\"thumbnailUrl\":\"https:\/\/grupoican.com.br\/wp-content\/uploads\/2022\/09\/WhatsApp-Image-2022-09-21-at-12.21.24-1.jpeg\",\"articleSection\":[\"Blog\"],\"inLanguage\":\"de-CH\",\"potentialAction\":[{\"@type\":\"CommentAction\",\"name\":\"Comment\",\"target\":[\"https:\/\/grupoican.com.br\/por-onde-andam\/#respond\"]}]},{\"@type\":\"WebPage\",\"@id\":\"https:\/\/grupoican.com.br\/por-onde-andam\/\",\"url\":\"https:\/\/grupoican.com.br\/por-onde-andam\/\",\"name\":\"S\u00e9rie: Pessoas da Nossa Hist\u00f3ria - GrupoIcan\",\"isPartOf\":{\"@id\":\"https:\/\/grupoican.com.br\/#website\"},\"primaryImageOfPage\":{\"@id\":\"https:\/\/grupoican.com.br\/por-onde-andam\/#primaryimage\"},\"image\":{\"@id\":\"https:\/\/grupoican.com.br\/por-onde-andam\/#primaryimage\"},\"thumbnailUrl\":\"https:\/\/grupoican.com.br\/wp-content\/uploads\/2022\/09\/WhatsApp-Image-2022-09-21-at-12.21.24-1.jpeg\",\"datePublished\":\"2022-09-21T16:50:53+00:00\",\"dateModified\":\"2022-09-26T17:33:21+00:00\",\"breadcrumb\":{\"@id\":\"https:\/\/grupoican.com.br\/por-onde-andam\/#breadcrumb\"},\"inLanguage\":\"de-CH\",\"potentialAction\":[{\"@type\":\"ReadAction\",\"target\":[\"https:\/\/grupoican.com.br\/por-onde-andam\/\"]}]},{\"@type\":\"ImageObject\",\"inLanguage\":\"de-CH\",\"@id\":\"https:\/\/grupoican.com.br\/por-onde-andam\/#primaryimage\",\"url\":\"https:\/\/grupoican.com.br\/wp-content\/uploads\/2022\/09\/WhatsApp-Image-2022-09-21-at-12.21.24-1.jpeg\",\"contentUrl\":\"https:\/\/grupoican.com.br\/wp-content\/uploads\/2022\/09\/WhatsApp-Image-2022-09-21-at-12.21.24-1.jpeg\",\"width\":975,\"height\":751,\"caption\":\"Da esquerda para a direita: Daniel Resemini, Tereza Soares, Marino Muratore e Matheus Gronow\"},{\"@type\":\"BreadcrumbList\",\"@id\":\"https:\/\/grupoican.com.br\/por-onde-andam\/#breadcrumb\",\"itemListElement\":[{\"@type\":\"ListItem\",\"position\":1,\"name\":\"In\u00edcio\",\"item\":\"https:\/\/grupoican.com.br\/\"},{\"@type\":\"ListItem\",\"position\":2,\"name\":\"S\u00e9rie: Pessoas da Nossa Hist\u00f3ria\"}]},{\"@type\":\"WebSite\",\"@id\":\"https:\/\/grupoican.com.br\/#website\",\"url\":\"https:\/\/grupoican.com.br\/\",\"name\":\"GrupoIcan\",\"description\":\"Consultoria especializada em gest\u00e3o empresarial e \u00e1rea de petr\u00f3leo e g\u00e1s.\",\"publisher\":{\"@id\":\"https:\/\/grupoican.com.br\/#organization\"},\"potentialAction\":[{\"@type\":\"SearchAction\",\"target\":{\"@type\":\"EntryPoint\",\"urlTemplate\":\"https:\/\/grupoican.com.br\/?s={search_term_string}\"},\"query-input\":{\"@type\":\"PropertyValueSpecification\",\"valueRequired\":true,\"valueName\":\"search_term_string\"}}],\"inLanguage\":\"de-CH\"},{\"@type\":\"Organization\",\"@id\":\"https:\/\/grupoican.com.br\/#organization\",\"name\":\"GrupoIcan\",\"url\":\"https:\/\/grupoican.com.br\/\",\"logo\":{\"@type\":\"ImageObject\",\"inLanguage\":\"de-CH\",\"@id\":\"https:\/\/grupoican.com.br\/#\/schema\/logo\/image\/\",\"url\":\"https:\/\/grupoican.com.br\/wp-content\/uploads\/2021\/09\/logo-icanbe.png\",\"contentUrl\":\"https:\/\/grupoican.com.br\/wp-content\/uploads\/2021\/09\/logo-icanbe.png\",\"width\":1855,\"height\":1573,\"caption\":\"GrupoIcan\"},\"image\":{\"@id\":\"https:\/\/grupoican.com.br\/#\/schema\/logo\/image\/\"}},{\"@type\":\"Person\",\"@id\":\"https:\/\/grupoican.com.br\/#\/schema\/person\/f88a9177f15ebafd5a3fe8308c8cde83\",\"name\":\"Admin\",\"image\":{\"@type\":\"ImageObject\",\"inLanguage\":\"de-CH\",\"@id\":\"https:\/\/grupoican.com.br\/#\/schema\/person\/image\/\",\"url\":\"https:\/\/secure.gravatar.com\/avatar\/69947cc14238bc906a53010b047a4ad9ff20eacca93f5c5f6f0efd85a7a249aa?s=96&d=mm&r=g\",\"contentUrl\":\"https:\/\/secure.gravatar.com\/avatar\/69947cc14238bc906a53010b047a4ad9ff20eacca93f5c5f6f0efd85a7a249aa?s=96&d=mm&r=g\",\"caption\":\"Admin\"},\"sameAs\":[\"http:\/\/grupoican.com.br\"],\"url\":\"https:\/\/grupoican.com.br\/de\/author\/admin\/\"}]}<\/script>\n<!-- \/ Yoast SEO Premium plugin. -->","yoast_head_json":{"title":"S\u00e9rie: Pessoas da Nossa Hist\u00f3ria - GrupoIcan","robots":{"index":"index","follow":"follow","max-snippet":"max-snippet:-1","max-image-preview":"max-image-preview:large","max-video-preview":"max-video-preview:-1"},"canonical":"https:\/\/grupoican.com.br\/de\/por-onde-andam\/","og_locale":"de_DE","og_type":"article","og_title":"S\u00e9rie: Pessoas da Nossa Hist\u00f3ria","og_description":"Quanto orgulho de voc\u00eas! Da esquerda para a direita: Daniel Resemini, Tereza Soares, Marino Muratore e Matheus Gronow Em 2014, a nossa empresa, executou um projeto com o objetivo da Ocean Rig do Brasil adotar a\u00e7\u00f5es para prevenir incidentes, com destaque para queda de objetos (\u201cDrop\u201d), navios Mykonos, Mylos e Corcovado. O destaque deste projeto&hellip;&nbsp;Read More &raquo;S\u00e9rie: Pessoas da Nossa Hist\u00f3ria","og_url":"https:\/\/grupoican.com.br\/de\/por-onde-andam\/","og_site_name":"GrupoIcan","article_published_time":"2022-09-21T16:50:53+00:00","article_modified_time":"2022-09-26T17:33:21+00:00","og_image":[{"width":975,"height":751,"url":"https:\/\/grupoican.com.br\/wp-content\/uploads\/2022\/09\/WhatsApp-Image-2022-09-21-at-12.21.24-1.jpeg","type":"image\/jpeg"}],"author":"Admin","twitter_card":"summary_large_image","twitter_misc":{"Geschrieben von":"Admin","Gesch\u00e4tzte Lesezeit":"2\u00a0Minuten"},"schema":{"@context":"https:\/\/schema.org","@graph":[{"@type":"Article","@id":"https:\/\/grupoican.com.br\/por-onde-andam\/#article","isPartOf":{"@id":"https:\/\/grupoican.com.br\/por-onde-andam\/"},"author":{"name":"Admin","@id":"https:\/\/grupoican.com.br\/#\/schema\/person\/f88a9177f15ebafd5a3fe8308c8cde83"},"headline":"S\u00e9rie: Pessoas da Nossa Hist\u00f3ria","datePublished":"2022-09-21T16:50:53+00:00","dateModified":"2022-09-26T17:33:21+00:00","mainEntityOfPage":{"@id":"https:\/\/grupoican.com.br\/por-onde-andam\/"},"wordCount":204,"commentCount":0,"publisher":{"@id":"https:\/\/grupoican.com.br\/#organization"},"image":{"@id":"https:\/\/grupoican.com.br\/por-onde-andam\/#primaryimage"},"thumbnailUrl":"https:\/\/grupoican.com.br\/wp-content\/uploads\/2022\/09\/WhatsApp-Image-2022-09-21-at-12.21.24-1.jpeg","articleSection":["Blog"],"inLanguage":"de-CH","potentialAction":[{"@type":"CommentAction","name":"Comment","target":["https:\/\/grupoican.com.br\/por-onde-andam\/#respond"]}]},{"@type":"WebPage","@id":"https:\/\/grupoican.com.br\/por-onde-andam\/","url":"https:\/\/grupoican.com.br\/por-onde-andam\/","name":"S\u00e9rie: Pessoas da Nossa Hist\u00f3ria - GrupoIcan","isPartOf":{"@id":"https:\/\/grupoican.com.br\/#website"},"primaryImageOfPage":{"@id":"https:\/\/grupoican.com.br\/por-onde-andam\/#primaryimage"},"image":{"@id":"https:\/\/grupoican.com.br\/por-onde-andam\/#primaryimage"},"thumbnailUrl":"https:\/\/grupoican.com.br\/wp-content\/uploads\/2022\/09\/WhatsApp-Image-2022-09-21-at-12.21.24-1.jpeg","datePublished":"2022-09-21T16:50:53+00:00","dateModified":"2022-09-26T17:33:21+00:00","breadcrumb":{"@id":"https:\/\/grupoican.com.br\/por-onde-andam\/#breadcrumb"},"inLanguage":"de-CH","potentialAction":[{"@type":"ReadAction","target":["https:\/\/grupoican.com.br\/por-onde-andam\/"]}]},{"@type":"ImageObject","inLanguage":"de-CH","@id":"https:\/\/grupoican.com.br\/por-onde-andam\/#primaryimage","url":"https:\/\/grupoican.com.br\/wp-content\/uploads\/2022\/09\/WhatsApp-Image-2022-09-21-at-12.21.24-1.jpeg","contentUrl":"https:\/\/grupoican.com.br\/wp-content\/uploads\/2022\/09\/WhatsApp-Image-2022-09-21-at-12.21.24-1.jpeg","width":975,"height":751,"caption":"Da esquerda para a direita: Daniel Resemini, Tereza Soares, Marino Muratore e Matheus Gronow"},{"@type":"BreadcrumbList","@id":"https:\/\/grupoican.com.br\/por-onde-andam\/#breadcrumb","itemListElement":[{"@type":"ListItem","position":1,"name":"In\u00edcio","item":"https:\/\/grupoican.com.br\/"},{"@type":"ListItem","position":2,"name":"S\u00e9rie: Pessoas da Nossa Hist\u00f3ria"}]},{"@type":"WebSite","@id":"https:\/\/grupoican.com.br\/#website","url":"https:\/\/grupoican.com.br\/","name":"GrupoIcan","description":"Consultoria especializada em gest\u00e3o empresarial e \u00e1rea de petr\u00f3leo e g\u00e1s.","publisher":{"@id":"https:\/\/grupoican.com.br\/#organization"},"potentialAction":[{"@type":"SearchAction","target":{"@type":"EntryPoint","urlTemplate":"https:\/\/grupoican.com.br\/?s={search_term_string}"},"query-input":{"@type":"PropertyValueSpecification","valueRequired":true,"valueName":"search_term_string"}}],"inLanguage":"de-CH"},{"@type":"Organization","@id":"https:\/\/grupoican.com.br\/#organization","name":"GrupoIcan","url":"https:\/\/grupoican.com.br\/","logo":{"@type":"ImageObject","inLanguage":"de-CH","@id":"https:\/\/grupoican.com.br\/#\/schema\/logo\/image\/","url":"https:\/\/grupoican.com.br\/wp-content\/uploads\/2021\/09\/logo-icanbe.png","contentUrl":"https:\/\/grupoican.com.br\/wp-content\/uploads\/2021\/09\/logo-icanbe.png","width":1855,"height":1573,"caption":"GrupoIcan"},"image":{"@id":"https:\/\/grupoican.com.br\/#\/schema\/logo\/image\/"}},{"@type":"Person","@id":"https:\/\/grupoican.com.br\/#\/schema\/person\/f88a9177f15ebafd5a3fe8308c8cde83","name":"Admin","image":{"@type":"ImageObject","inLanguage":"de-CH","@id":"https:\/\/grupoican.com.br\/#\/schema\/person\/image\/","url":"https:\/\/secure.gravatar.com\/avatar\/69947cc14238bc906a53010b047a4ad9ff20eacca93f5c5f6f0efd85a7a249aa?s=96&d=mm&r=g","contentUrl":"https:\/\/secure.gravatar.com\/avatar\/69947cc14238bc906a53010b047a4ad9ff20eacca93f5c5f6f0efd85a7a249aa?s=96&d=mm&r=g","caption":"Admin"},"sameAs":["http:\/\/grupoican.com.br"],"url":"https:\/\/grupoican.com.br\/de\/author\/admin\/"}]}},"amp_enabled":true,"_links":{"self":[{"href":"https:\/\/grupoican.com.br\/de\/wp-json\/wp\/v2\/posts\/2522","targetHints":{"allow":["GET"]}}],"collection":[{"href":"https:\/\/grupoican.com.br\/de\/wp-json\/wp\/v2\/posts"}],"about":[{"href":"https:\/\/grupoican.com.br\/de\/wp-json\/wp\/v2\/types\/post"}],"author":[{"embeddable":true,"href":"https:\/\/grupoican.com.br\/de\/wp-json\/wp\/v2\/users\/1"}],"replies":[{"embeddable":true,"href":"https:\/\/grupoican.com.br\/de\/wp-json\/wp\/v2\/comments?post=2522"}],"version-history":[{"count":0,"href":"https:\/\/grupoican.com.br\/de\/wp-json\/wp\/v2\/posts\/2522\/revisions"}],"wp:featuredmedia":[{"embeddable":true,"href":"https:\/\/grupoican.com.br\/de\/wp-json\/wp\/v2\/media\/2524"}],"wp:attachment":[{"href":"https:\/\/grupoican.com.br\/de\/wp-json\/wp\/v2\/media?parent=2522"}],"wp:term":[{"taxonomy":"category","embeddable":true,"href":"https:\/\/grupoican.com.br\/de\/wp-json\/wp\/v2\/categories?post=2522"},{"taxonomy":"post_tag","embeddable":true,"href":"https:\/\/grupoican.com.br\/de\/wp-json\/wp\/v2\/tags?post=2522"}],"curies":[{"name":"wp","href":"https:\/\/api.w.org\/{rel}","templated":true}]}}