{"id":1088,"date":"2022-03-13T23:25:35","date_gmt":"2022-03-14T02:25:35","guid":{"rendered":"https:\/\/grupoican.com.br\/?p=1088"},"modified":"2022-06-20T11:53:04","modified_gmt":"2022-06-20T14:53:04","slug":"o-sistema-de-gestao-de-sua-empresa-tem-mais-de-10-anos","status":"publish","type":"post","link":"https:\/\/grupoican.com.br\/en\/o-sistema-de-gestao-de-sua-empresa-tem-mais-de-10-anos\/","title":{"rendered":"Is your company&#039;s Management System more than 10 years old?"},"content":{"rendered":"<p>I have been following the evolution of company management and I would like to share with you some considerations about the impacts when a Management System has been in place for more than 10 years. Come on?<\/p>\n\n\n\n<p>Since 1994, I started my trajectory of designing Management Models and Integrated Management Systems, based on the requirements of international standards, customer requirements, regulatory requirements and implementing these systems and following the evolution.<\/p>\n\n\n\n<p>NBR ISO 9000:2015 defines a management system as a \u201cset of interrelated or interactive elements of an organization to establish policies, objectives and processes to achieve these objectives\u201d and that \u201ca management system can address a single discipline or several disciplines, eg quality management, financial management, environmental management, asset management.<\/p>\n\n\n\n<p>It turns out that a large number of companies began to structure an Integrated Management System, with the acronym SGI or Integrated Management System (SIG), which in fact does not matter SGI or GIS, incorporating several disciplines into a single System.<\/p>\n\n\n\n<p>I&#039;ll hit the key\u2026After 10 years, an Integrated Management System has gone through several organizational and structural changes, technological changes, changes in people, many internal and external audits, action plans, critical analyses. Each of these events promoted specific changes in the structure of the Integrated Management System initially implemented, without necessarily having carried out a global analysis.<\/p>\n\n\n\n<p>With that, I have some tips for companies that have, mainly, Integrated Management System for more than 10 years\u2026look at the 10 years appearing again.<\/p>\n\n\n\n<p>Tips:<br>Combat the \u201cpatchwork\u201d effect: The requirements and how they are met are being included in the Integrated Management System without a systemic and holistic analysis;<br>Manage the issue of &quot;Gabriela&#039;s syndrome&quot;: I was born like this, I grew up like this, I will always be like this... People resist excluding from the Integrated Management System, that routine that she implemented, that excel spreadsheet, even though they already have a system computerized;<br>Also avoid the \u201cplug-in\u201d operation: this operation takes place right after an internal or external audit\/assessment, when the company \u201cruns\u201d to deal with non-conformities and deviations and not to improve the Integrated Management System;<br>Avoid \u201cold jargon\u201d: some team members say \u201cI was working, now I&#039;m going to do the things that management systems asked for\u201d. There is no such thing, it must be clarified that working is to meet the requirements of the Integrated Management System.<\/p>\n\n\n\n<p>I won&#039;t linger any longer, the above tips and a great willingness of all the teams, headed by the leaders, to make a global critical analysis of the Integrated Management System will avoid the excess of procedures, internal controls, monitoring and performance indicators, increasing thus the satisfaction of the teams, productivity and the improvement of business results. Also remembering that the Strategic Drivers and strategies are an integral part of the Management Model.<\/p>\n\n\n\n<p>Tereza Soares<br>CEO Group I can<br>13.03.2022<\/p>","protected":false},"excerpt":{"rendered":"<p>Eu venho acompanhando a evolu\u00e7\u00e3o da gest\u00e3o das empresas e desejo compartilhar com voc\u00eas algumas considera\u00e7\u00f5es sobre os impactos quando um Sistema de Gest\u00e3o tem mais de 10 anos de implanta\u00e7\u00e3o. Vamos l\u00e1? Desde 1994, comecei a minha trajet\u00f3ria de desenhar Modelos de Gest\u00e3o e Sistemas de Gest\u00e3o Integrados, baseados em requisitos de normas internacionais,&hellip;&nbsp;<a href=\"https:\/\/grupoican.com.br\/en\/o-sistema-de-gestao-de-sua-empresa-tem-mais-de-10-anos\/\" rel=\"bookmark\">Read More \u00bb<span class=\"screen-reader-text\">Is your company&#039;s Management System more than 10 years old?<\/span><\/a><\/p>","protected":false},"author":2,"featured_media":1701,"comment_status":"open","ping_status":"open","sticky":false,"template":"","format":"standard","meta":{"neve_meta_sidebar":"","neve_meta_container":"","neve_meta_enable_content_width":"","neve_meta_content_width":0,"neve_meta_title_alignment":"","neve_meta_author_avatar":"","neve_post_elements_order":"","neve_meta_disable_header":"","neve_meta_disable_footer":"","neve_meta_disable_title":"","neve_meta_reading_time":"","_joinchat":[],"footnotes":""},"categories":[1],"tags":[],"class_list":["post-1088","post","type-post","status-publish","format-standard","has-post-thumbnail","hentry","category-sem-categoria"],"yoast_head":"<!-- This site is optimized with the Yoast SEO Premium plugin v22.5 (Yoast SEO v24.5) - https:\/\/yoast.com\/wordpress\/plugins\/seo\/ -->\n<title>O Sistema de Gest\u00e3o de sua empresa tem mais de 10 anos? - GrupoIcan<\/title>\n<meta name=\"robots\" content=\"index, follow, max-snippet:-1, max-image-preview:large, max-video-preview:-1\" \/>\n<link rel=\"canonical\" href=\"https:\/\/grupoican.com.br\/en\/o-sistema-de-gestao-de-sua-empresa-tem-mais-de-10-anos\/\" \/>\n<meta property=\"og:locale\" content=\"en_US\" \/>\n<meta property=\"og:type\" content=\"article\" \/>\n<meta property=\"og:title\" content=\"O Sistema de Gest\u00e3o de sua empresa tem mais de 10 anos?\" \/>\n<meta property=\"og:description\" content=\"Eu venho acompanhando a evolu\u00e7\u00e3o da gest\u00e3o das empresas e desejo compartilhar com voc\u00eas algumas considera\u00e7\u00f5es sobre os impactos quando um Sistema de Gest\u00e3o tem mais de 10 anos de implanta\u00e7\u00e3o. Vamos l\u00e1? Desde 1994, comecei a minha trajet\u00f3ria de desenhar Modelos de Gest\u00e3o e Sistemas de Gest\u00e3o Integrados, baseados em requisitos de normas internacionais,&hellip;&nbsp;Read More &raquo;O Sistema de Gest\u00e3o de sua empresa tem mais de 10 anos?\" \/>\n<meta property=\"og:url\" content=\"https:\/\/grupoican.com.br\/en\/o-sistema-de-gestao-de-sua-empresa-tem-mais-de-10-anos\/\" \/>\n<meta property=\"og:site_name\" content=\"GrupoIcan\" \/>\n<meta property=\"article:published_time\" content=\"2022-03-14T02:25:35+00:00\" \/>\n<meta property=\"article:modified_time\" content=\"2022-06-20T14:53:04+00:00\" \/>\n<meta property=\"og:image\" content=\"http:\/\/grupoican.com.br\/wp-content\/uploads\/2022\/03\/30-calendario-scaled.jpeg\" \/>\n\t<meta property=\"og:image:width\" content=\"2560\" \/>\n\t<meta property=\"og:image:height\" content=\"1708\" \/>\n\t<meta property=\"og:image:type\" content=\"image\/jpeg\" \/>\n<meta name=\"author\" content=\"Tereza Soares\" \/>\n<meta name=\"twitter:card\" content=\"summary_large_image\" \/>\n<meta name=\"twitter:label1\" content=\"Written by\" \/>\n\t<meta name=\"twitter:data1\" content=\"Tereza Soares\" \/>\n\t<meta name=\"twitter:label2\" content=\"Est. reading time\" \/>\n\t<meta name=\"twitter:data2\" content=\"3 minutes\" \/>\n<script type=\"application\/ld+json\" class=\"yoast-schema-graph\">{\"@context\":\"https:\/\/schema.org\",\"@graph\":[{\"@type\":\"Article\",\"@id\":\"https:\/\/grupoican.com.br\/o-sistema-de-gestao-de-sua-empresa-tem-mais-de-10-anos\/#article\",\"isPartOf\":{\"@id\":\"https:\/\/grupoican.com.br\/o-sistema-de-gestao-de-sua-empresa-tem-mais-de-10-anos\/\"},\"author\":{\"name\":\"Tereza Soares\",\"@id\":\"https:\/\/grupoican.com.br\/#\/schema\/person\/41732943ab209853dcb7011960ae7f5f\"},\"headline\":\"O Sistema de Gest\u00e3o de sua empresa tem mais de 10 anos?\",\"datePublished\":\"2022-03-14T02:25:35+00:00\",\"dateModified\":\"2022-06-20T14:53:04+00:00\",\"mainEntityOfPage\":{\"@id\":\"https:\/\/grupoican.com.br\/o-sistema-de-gestao-de-sua-empresa-tem-mais-de-10-anos\/\"},\"wordCount\":544,\"commentCount\":0,\"publisher\":{\"@id\":\"https:\/\/grupoican.com.br\/#organization\"},\"image\":{\"@id\":\"https:\/\/grupoican.com.br\/o-sistema-de-gestao-de-sua-empresa-tem-mais-de-10-anos\/#primaryimage\"},\"thumbnailUrl\":\"https:\/\/grupoican.com.br\/wp-content\/uploads\/2022\/03\/30-calendario-scaled.jpeg\",\"articleSection\":[\"Sem categoria\"],\"inLanguage\":\"en-US\",\"potentialAction\":[{\"@type\":\"CommentAction\",\"name\":\"Comment\",\"target\":[\"https:\/\/grupoican.com.br\/o-sistema-de-gestao-de-sua-empresa-tem-mais-de-10-anos\/#respond\"]}]},{\"@type\":\"WebPage\",\"@id\":\"https:\/\/grupoican.com.br\/o-sistema-de-gestao-de-sua-empresa-tem-mais-de-10-anos\/\",\"url\":\"https:\/\/grupoican.com.br\/o-sistema-de-gestao-de-sua-empresa-tem-mais-de-10-anos\/\",\"name\":\"O Sistema de Gest\u00e3o de sua empresa tem mais de 10 anos? - GrupoIcan\",\"isPartOf\":{\"@id\":\"https:\/\/grupoican.com.br\/#website\"},\"primaryImageOfPage\":{\"@id\":\"https:\/\/grupoican.com.br\/o-sistema-de-gestao-de-sua-empresa-tem-mais-de-10-anos\/#primaryimage\"},\"image\":{\"@id\":\"https:\/\/grupoican.com.br\/o-sistema-de-gestao-de-sua-empresa-tem-mais-de-10-anos\/#primaryimage\"},\"thumbnailUrl\":\"https:\/\/grupoican.com.br\/wp-content\/uploads\/2022\/03\/30-calendario-scaled.jpeg\",\"datePublished\":\"2022-03-14T02:25:35+00:00\",\"dateModified\":\"2022-06-20T14:53:04+00:00\",\"breadcrumb\":{\"@id\":\"https:\/\/grupoican.com.br\/o-sistema-de-gestao-de-sua-empresa-tem-mais-de-10-anos\/#breadcrumb\"},\"inLanguage\":\"en-US\",\"potentialAction\":[{\"@type\":\"ReadAction\",\"target\":[\"https:\/\/grupoican.com.br\/o-sistema-de-gestao-de-sua-empresa-tem-mais-de-10-anos\/\"]}]},{\"@type\":\"ImageObject\",\"inLanguage\":\"en-US\",\"@id\":\"https:\/\/grupoican.com.br\/o-sistema-de-gestao-de-sua-empresa-tem-mais-de-10-anos\/#primaryimage\",\"url\":\"https:\/\/grupoican.com.br\/wp-content\/uploads\/2022\/03\/30-calendario-scaled.jpeg\",\"contentUrl\":\"https:\/\/grupoican.com.br\/wp-content\/uploads\/2022\/03\/30-calendario-scaled.jpeg\",\"width\":2560,\"height\":1708},{\"@type\":\"BreadcrumbList\",\"@id\":\"https:\/\/grupoican.com.br\/o-sistema-de-gestao-de-sua-empresa-tem-mais-de-10-anos\/#breadcrumb\",\"itemListElement\":[{\"@type\":\"ListItem\",\"position\":1,\"name\":\"In\u00edcio\",\"item\":\"https:\/\/grupoican.com.br\/\"},{\"@type\":\"ListItem\",\"position\":2,\"name\":\"O Sistema de Gest\u00e3o de sua empresa tem mais de 10 anos?\"}]},{\"@type\":\"WebSite\",\"@id\":\"https:\/\/grupoican.com.br\/#website\",\"url\":\"https:\/\/grupoican.com.br\/\",\"name\":\"GrupoIcan\",\"description\":\"Consultoria especializada em gest\u00e3o empresarial e \u00e1rea de petr\u00f3leo e g\u00e1s.\",\"publisher\":{\"@id\":\"https:\/\/grupoican.com.br\/#organization\"},\"potentialAction\":[{\"@type\":\"SearchAction\",\"target\":{\"@type\":\"EntryPoint\",\"urlTemplate\":\"https:\/\/grupoican.com.br\/?s={search_term_string}\"},\"query-input\":{\"@type\":\"PropertyValueSpecification\",\"valueRequired\":true,\"valueName\":\"search_term_string\"}}],\"inLanguage\":\"en-US\"},{\"@type\":\"Organization\",\"@id\":\"https:\/\/grupoican.com.br\/#organization\",\"name\":\"GrupoIcan\",\"url\":\"https:\/\/grupoican.com.br\/\",\"logo\":{\"@type\":\"ImageObject\",\"inLanguage\":\"en-US\",\"@id\":\"https:\/\/grupoican.com.br\/#\/schema\/logo\/image\/\",\"url\":\"https:\/\/grupoican.com.br\/wp-content\/uploads\/2021\/09\/logo-icanbe.png\",\"contentUrl\":\"https:\/\/grupoican.com.br\/wp-content\/uploads\/2021\/09\/logo-icanbe.png\",\"width\":1855,\"height\":1573,\"caption\":\"GrupoIcan\"},\"image\":{\"@id\":\"https:\/\/grupoican.com.br\/#\/schema\/logo\/image\/\"}},{\"@type\":\"Person\",\"@id\":\"https:\/\/grupoican.com.br\/#\/schema\/person\/41732943ab209853dcb7011960ae7f5f\",\"name\":\"Tereza Soares\",\"image\":{\"@type\":\"ImageObject\",\"inLanguage\":\"en-US\",\"@id\":\"https:\/\/grupoican.com.br\/#\/schema\/person\/image\/\",\"url\":\"https:\/\/secure.gravatar.com\/avatar\/50ad5d5b2fe34a727c07e8fbb050374b736ca78e93e3d5a80b9c79b91800a774?s=96&d=mm&r=g\",\"contentUrl\":\"https:\/\/secure.gravatar.com\/avatar\/50ad5d5b2fe34a727c07e8fbb050374b736ca78e93e3d5a80b9c79b91800a774?s=96&d=mm&r=g\",\"caption\":\"Tereza Soares\"},\"url\":\"https:\/\/grupoican.com.br\/en\/author\/tereza\/\"}]}<\/script>\n<!-- \/ Yoast SEO Premium plugin. -->","yoast_head_json":{"title":"O Sistema de Gest\u00e3o de sua empresa tem mais de 10 anos? - GrupoIcan","robots":{"index":"index","follow":"follow","max-snippet":"max-snippet:-1","max-image-preview":"max-image-preview:large","max-video-preview":"max-video-preview:-1"},"canonical":"https:\/\/grupoican.com.br\/en\/o-sistema-de-gestao-de-sua-empresa-tem-mais-de-10-anos\/","og_locale":"en_US","og_type":"article","og_title":"O Sistema de Gest\u00e3o de sua empresa tem mais de 10 anos?","og_description":"Eu venho acompanhando a evolu\u00e7\u00e3o da gest\u00e3o das empresas e desejo compartilhar com voc\u00eas algumas considera\u00e7\u00f5es sobre os impactos quando um Sistema de Gest\u00e3o tem mais de 10 anos de implanta\u00e7\u00e3o. Vamos l\u00e1? Desde 1994, comecei a minha trajet\u00f3ria de desenhar Modelos de Gest\u00e3o e Sistemas de Gest\u00e3o Integrados, baseados em requisitos de normas internacionais,&hellip;&nbsp;Read More &raquo;O Sistema de Gest\u00e3o de sua empresa tem mais de 10 anos?","og_url":"https:\/\/grupoican.com.br\/en\/o-sistema-de-gestao-de-sua-empresa-tem-mais-de-10-anos\/","og_site_name":"GrupoIcan","article_published_time":"2022-03-14T02:25:35+00:00","article_modified_time":"2022-06-20T14:53:04+00:00","og_image":[{"width":2560,"height":1708,"url":"http:\/\/grupoican.com.br\/wp-content\/uploads\/2022\/03\/30-calendario-scaled.jpeg","type":"image\/jpeg"}],"author":"Tereza Soares","twitter_card":"summary_large_image","twitter_misc":{"Written by":"Tereza Soares","Est. reading time":"3 minutes"},"schema":{"@context":"https:\/\/schema.org","@graph":[{"@type":"Article","@id":"https:\/\/grupoican.com.br\/o-sistema-de-gestao-de-sua-empresa-tem-mais-de-10-anos\/#article","isPartOf":{"@id":"https:\/\/grupoican.com.br\/o-sistema-de-gestao-de-sua-empresa-tem-mais-de-10-anos\/"},"author":{"name":"Tereza Soares","@id":"https:\/\/grupoican.com.br\/#\/schema\/person\/41732943ab209853dcb7011960ae7f5f"},"headline":"O Sistema de Gest\u00e3o de sua empresa tem mais de 10 anos?","datePublished":"2022-03-14T02:25:35+00:00","dateModified":"2022-06-20T14:53:04+00:00","mainEntityOfPage":{"@id":"https:\/\/grupoican.com.br\/o-sistema-de-gestao-de-sua-empresa-tem-mais-de-10-anos\/"},"wordCount":544,"commentCount":0,"publisher":{"@id":"https:\/\/grupoican.com.br\/#organization"},"image":{"@id":"https:\/\/grupoican.com.br\/o-sistema-de-gestao-de-sua-empresa-tem-mais-de-10-anos\/#primaryimage"},"thumbnailUrl":"https:\/\/grupoican.com.br\/wp-content\/uploads\/2022\/03\/30-calendario-scaled.jpeg","articleSection":["Sem categoria"],"inLanguage":"en-US","potentialAction":[{"@type":"CommentAction","name":"Comment","target":["https:\/\/grupoican.com.br\/o-sistema-de-gestao-de-sua-empresa-tem-mais-de-10-anos\/#respond"]}]},{"@type":"WebPage","@id":"https:\/\/grupoican.com.br\/o-sistema-de-gestao-de-sua-empresa-tem-mais-de-10-anos\/","url":"https:\/\/grupoican.com.br\/o-sistema-de-gestao-de-sua-empresa-tem-mais-de-10-anos\/","name":"O Sistema de Gest\u00e3o de sua empresa tem mais de 10 anos? - GrupoIcan","isPartOf":{"@id":"https:\/\/grupoican.com.br\/#website"},"primaryImageOfPage":{"@id":"https:\/\/grupoican.com.br\/o-sistema-de-gestao-de-sua-empresa-tem-mais-de-10-anos\/#primaryimage"},"image":{"@id":"https:\/\/grupoican.com.br\/o-sistema-de-gestao-de-sua-empresa-tem-mais-de-10-anos\/#primaryimage"},"thumbnailUrl":"https:\/\/grupoican.com.br\/wp-content\/uploads\/2022\/03\/30-calendario-scaled.jpeg","datePublished":"2022-03-14T02:25:35+00:00","dateModified":"2022-06-20T14:53:04+00:00","breadcrumb":{"@id":"https:\/\/grupoican.com.br\/o-sistema-de-gestao-de-sua-empresa-tem-mais-de-10-anos\/#breadcrumb"},"inLanguage":"en-US","potentialAction":[{"@type":"ReadAction","target":["https:\/\/grupoican.com.br\/o-sistema-de-gestao-de-sua-empresa-tem-mais-de-10-anos\/"]}]},{"@type":"ImageObject","inLanguage":"en-US","@id":"https:\/\/grupoican.com.br\/o-sistema-de-gestao-de-sua-empresa-tem-mais-de-10-anos\/#primaryimage","url":"https:\/\/grupoican.com.br\/wp-content\/uploads\/2022\/03\/30-calendario-scaled.jpeg","contentUrl":"https:\/\/grupoican.com.br\/wp-content\/uploads\/2022\/03\/30-calendario-scaled.jpeg","width":2560,"height":1708},{"@type":"BreadcrumbList","@id":"https:\/\/grupoican.com.br\/o-sistema-de-gestao-de-sua-empresa-tem-mais-de-10-anos\/#breadcrumb","itemListElement":[{"@type":"ListItem","position":1,"name":"In\u00edcio","item":"https:\/\/grupoican.com.br\/"},{"@type":"ListItem","position":2,"name":"O Sistema de Gest\u00e3o de sua empresa tem mais de 10 anos?"}]},{"@type":"WebSite","@id":"https:\/\/grupoican.com.br\/#website","url":"https:\/\/grupoican.com.br\/","name":"GrupoIcan","description":"Consultoria especializada em gest\u00e3o empresarial e \u00e1rea de petr\u00f3leo e g\u00e1s.","publisher":{"@id":"https:\/\/grupoican.com.br\/#organization"},"potentialAction":[{"@type":"SearchAction","target":{"@type":"EntryPoint","urlTemplate":"https:\/\/grupoican.com.br\/?s={search_term_string}"},"query-input":{"@type":"PropertyValueSpecification","valueRequired":true,"valueName":"search_term_string"}}],"inLanguage":"en-US"},{"@type":"Organization","@id":"https:\/\/grupoican.com.br\/#organization","name":"GrupoIcan","url":"https:\/\/grupoican.com.br\/","logo":{"@type":"ImageObject","inLanguage":"en-US","@id":"https:\/\/grupoican.com.br\/#\/schema\/logo\/image\/","url":"https:\/\/grupoican.com.br\/wp-content\/uploads\/2021\/09\/logo-icanbe.png","contentUrl":"https:\/\/grupoican.com.br\/wp-content\/uploads\/2021\/09\/logo-icanbe.png","width":1855,"height":1573,"caption":"GrupoIcan"},"image":{"@id":"https:\/\/grupoican.com.br\/#\/schema\/logo\/image\/"}},{"@type":"Person","@id":"https:\/\/grupoican.com.br\/#\/schema\/person\/41732943ab209853dcb7011960ae7f5f","name":"Tereza Soares","image":{"@type":"ImageObject","inLanguage":"en-US","@id":"https:\/\/grupoican.com.br\/#\/schema\/person\/image\/","url":"https:\/\/secure.gravatar.com\/avatar\/50ad5d5b2fe34a727c07e8fbb050374b736ca78e93e3d5a80b9c79b91800a774?s=96&d=mm&r=g","contentUrl":"https:\/\/secure.gravatar.com\/avatar\/50ad5d5b2fe34a727c07e8fbb050374b736ca78e93e3d5a80b9c79b91800a774?s=96&d=mm&r=g","caption":"Tereza Soares"},"url":"https:\/\/grupoican.com.br\/en\/author\/tereza\/"}]}},"amp_enabled":true,"_links":{"self":[{"href":"https:\/\/grupoican.com.br\/en\/wp-json\/wp\/v2\/posts\/1088","targetHints":{"allow":["GET"]}}],"collection":[{"href":"https:\/\/grupoican.com.br\/en\/wp-json\/wp\/v2\/posts"}],"about":[{"href":"https:\/\/grupoican.com.br\/en\/wp-json\/wp\/v2\/types\/post"}],"author":[{"embeddable":true,"href":"https:\/\/grupoican.com.br\/en\/wp-json\/wp\/v2\/users\/2"}],"replies":[{"embeddable":true,"href":"https:\/\/grupoican.com.br\/en\/wp-json\/wp\/v2\/comments?post=1088"}],"version-history":[{"count":0,"href":"https:\/\/grupoican.com.br\/en\/wp-json\/wp\/v2\/posts\/1088\/revisions"}],"wp:featuredmedia":[{"embeddable":true,"href":"https:\/\/grupoican.com.br\/en\/wp-json\/wp\/v2\/media\/1701"}],"wp:attachment":[{"href":"https:\/\/grupoican.com.br\/en\/wp-json\/wp\/v2\/media?parent=1088"}],"wp:term":[{"taxonomy":"category","embeddable":true,"href":"https:\/\/grupoican.com.br\/en\/wp-json\/wp\/v2\/categories?post=1088"},{"taxonomy":"post_tag","embeddable":true,"href":"https:\/\/grupoican.com.br\/en\/wp-json\/wp\/v2\/tags?post=1088"}],"curies":[{"name":"wp","href":"https:\/\/api.w.org\/{rel}","templated":true}]}}