{"id":1088,"date":"2022-03-13T23:25:35","date_gmt":"2022-03-14T02:25:35","guid":{"rendered":"https:\/\/grupoican.com.br\/?p=1088"},"modified":"2022-06-20T11:53:04","modified_gmt":"2022-06-20T14:53:04","slug":"o-sistema-de-gestao-de-sua-empresa-tem-mais-de-10-anos","status":"publish","type":"post","link":"https:\/\/grupoican.com.br\/es\/o-sistema-de-gestao-de-sua-empresa-tem-mais-de-10-anos\/","title":{"rendered":"\u00bfEl Sistema de Gesti\u00f3n de su empresa tiene m\u00e1s de 10 a\u00f1os?"},"content":{"rendered":"<p>He estado siguiendo la evoluci\u00f3n de la gesti\u00f3n de la empresa y me gustar\u00eda compartir con ustedes algunas consideraciones sobre los impactos cuando se cuenta con un Sistema de Gesti\u00f3n desde hace m\u00e1s de 10 a\u00f1os. \u00bfVamos all\u00e1?<\/p>\n\n\n\n<p>Desde 1994 inici\u00e9 mi trayectoria de dise\u00f1o de Modelos de Gesti\u00f3n y Sistemas Integrados de Gesti\u00f3n, basados en los requerimientos de las normas internacionales, requerimientos de los clientes, requerimientos regulatorios e implementando estos sistemas y siguiendo la evoluci\u00f3n.<\/p>\n\n\n\n<p>NBR ISO 9000:2015 define un sistema de gesti\u00f3n como un \u201cconjunto de elementos interrelacionados o interactivos de una organizaci\u00f3n para establecer pol\u00edticas, objetivos y procesos para lograr estos objetivos\u201d y que \u201cun sistema de gesti\u00f3n puede abordar una sola disciplina o varias disciplinas, por ejemplo, calidad gesti\u00f3n, gesti\u00f3n financiera, gesti\u00f3n ambiental, gesti\u00f3n de activos.<\/p>\n\n\n\n<p>Resulta que un gran n\u00famero de empresas comenzaron a estructurar un Sistema Integrado de Gesti\u00f3n, con las siglas SGI o Sistema Integrado de Gesti\u00f3n (SIG), que en realidad no importa SGI o GIS, incorporando varias disciplinas en un solo Sistema.<\/p>\n\n\n\n<p>Doy a la tecla\u2026Despu\u00e9s de 10 a\u00f1os, un Sistema Integrado de Gesti\u00f3n ha pasado por varios cambios organizacionales y estructurales, cambios tecnol\u00f3gicos, cambios de personas, muchas auditor\u00edas internas y externas, planes de acci\u00f3n, an\u00e1lisis cr\u00edticos. Cada uno de estos eventos promovi\u00f3 cambios puntuales en la estructura del Sistema Integrado de Gesti\u00f3n implementado inicialmente, sin que necesariamente se haya realizado un an\u00e1lisis global.<\/p>\n\n\n\n<p>Con eso, tengo algunos consejos para las empresas que tienen, principalmente, Sistema Integrado de Gesti\u00f3n por m\u00e1s de 10 a\u00f1os\u2026 miren los 10 a\u00f1os que aparecen de nuevo.<\/p>\n\n\n\n<p>Puntas:<br>Combatir el efecto \u201cmosaico\u201d: Los requisitos y c\u00f3mo se cumplen est\u00e1n siendo incluidos en el Sistema Integrado de Gesti\u00f3n sin un an\u00e1lisis sist\u00e9mico y hol\u00edstico;<br>Manejar el tema del &quot;s\u00edndrome de Gabriela&quot;: as\u00ed nac\u00ed, crec\u00ed as\u00ed, siempre ser\u00e9 as\u00ed... La gente se resiste a excluir del Sistema Integrado de Gesti\u00f3n, esa rutina que ella implement\u00f3, esa planilla de excel, incluso aunque ya cuentan con un sistema informatizado;<br>Evitar tambi\u00e9n la operaci\u00f3n \u201cplug-in\u201d: esta operaci\u00f3n se realiza inmediatamente despu\u00e9s de una auditor\u00eda\/evaluaci\u00f3n interna o externa, cuando la empresa \u201cfunciona\u201d para atender las no conformidades y desviaciones y no para mejorar el Sistema Integrado de Gesti\u00f3n;<br>Evite la \u201cjerga antigua\u201d: algunos miembros del equipo dicen \u201cestaba trabajando, ahora voy a hacer las cosas que me ped\u00edan los sistemas de gesti\u00f3n\u201d. No existe tal cosa, hay que aclarar que trabajar es cumplir con los requisitos del Sistema Integrado de Gesti\u00f3n.<\/p>\n\n\n\n<p>No me detengo m\u00e1s, los consejos anteriores y una gran disposici\u00f3n de todos los equipos, encabezados por los l\u00edderes, para hacer un an\u00e1lisis cr\u00edtico global del Sistema Integrado de Gesti\u00f3n evitar\u00e1n el exceso de procedimientos, controles internos, seguimiento e indicadores de desempe\u00f1o. , aumentando as\u00ed la satisfacci\u00f3n de los equipos, la productividad y la mejora de los resultados empresariales. Recordando tambi\u00e9n que los Drivers Estrat\u00e9gicos y las estrategias son parte integral del Modelo de Gesti\u00f3n.<\/p>\n\n\n\n<p>Teresa Soares<br>CEO Grupo Puedo<br>13.03.2022<\/p>","protected":false},"excerpt":{"rendered":"<p>Eu venho acompanhando a evolu\u00e7\u00e3o da gest\u00e3o das empresas e desejo compartilhar com voc\u00eas algumas considera\u00e7\u00f5es sobre os impactos quando um Sistema de Gest\u00e3o tem mais de 10 anos de implanta\u00e7\u00e3o. Vamos l\u00e1? Desde 1994, comecei a minha trajet\u00f3ria de desenhar Modelos de Gest\u00e3o e Sistemas de Gest\u00e3o Integrados, baseados em requisitos de normas internacionais,&hellip;&nbsp;<a href=\"https:\/\/grupoican.com.br\/es\/o-sistema-de-gestao-de-sua-empresa-tem-mais-de-10-anos\/\" rel=\"bookmark\">Read More &raquo;<span class=\"screen-reader-text\">\u00bfEl Sistema de Gesti\u00f3n de su empresa tiene m\u00e1s de 10 a\u00f1os?<\/span><\/a><\/p>","protected":false},"author":2,"featured_media":1701,"comment_status":"open","ping_status":"open","sticky":false,"template":"","format":"standard","meta":{"neve_meta_sidebar":"","neve_meta_container":"","neve_meta_enable_content_width":"","neve_meta_content_width":0,"neve_meta_title_alignment":"","neve_meta_author_avatar":"","neve_post_elements_order":"","neve_meta_disable_header":"","neve_meta_disable_footer":"","neve_meta_disable_title":"","neve_meta_reading_time":"","_joinchat":[],"footnotes":""},"categories":[1],"tags":[],"class_list":["post-1088","post","type-post","status-publish","format-standard","has-post-thumbnail","hentry","category-sem-categoria"],"yoast_head":"<!-- This site is optimized with the Yoast SEO Premium plugin v22.5 (Yoast SEO v24.5) - https:\/\/yoast.com\/wordpress\/plugins\/seo\/ -->\n<title>O Sistema de Gest\u00e3o de sua empresa tem mais de 10 anos? - GrupoIcan<\/title>\n<meta name=\"robots\" content=\"index, follow, max-snippet:-1, max-image-preview:large, max-video-preview:-1\" \/>\n<link rel=\"canonical\" href=\"https:\/\/grupoican.com.br\/es\/o-sistema-de-gestao-de-sua-empresa-tem-mais-de-10-anos\/\" \/>\n<meta property=\"og:locale\" content=\"es_ES\" \/>\n<meta property=\"og:type\" content=\"article\" \/>\n<meta property=\"og:title\" content=\"O Sistema de Gest\u00e3o de sua empresa tem mais de 10 anos?\" \/>\n<meta property=\"og:description\" content=\"Eu venho acompanhando a evolu\u00e7\u00e3o da gest\u00e3o das empresas e desejo compartilhar com voc\u00eas algumas considera\u00e7\u00f5es sobre os impactos quando um Sistema de Gest\u00e3o tem mais de 10 anos de implanta\u00e7\u00e3o. Vamos l\u00e1? Desde 1994, comecei a minha trajet\u00f3ria de desenhar Modelos de Gest\u00e3o e Sistemas de Gest\u00e3o Integrados, baseados em requisitos de normas internacionais,&hellip;&nbsp;Read More &raquo;O Sistema de Gest\u00e3o de sua empresa tem mais de 10 anos?\" \/>\n<meta property=\"og:url\" content=\"https:\/\/grupoican.com.br\/es\/o-sistema-de-gestao-de-sua-empresa-tem-mais-de-10-anos\/\" \/>\n<meta property=\"og:site_name\" content=\"GrupoIcan\" \/>\n<meta property=\"article:published_time\" content=\"2022-03-14T02:25:35+00:00\" \/>\n<meta property=\"article:modified_time\" content=\"2022-06-20T14:53:04+00:00\" \/>\n<meta property=\"og:image\" content=\"http:\/\/grupoican.com.br\/wp-content\/uploads\/2022\/03\/30-calendario-scaled.jpeg\" \/>\n\t<meta property=\"og:image:width\" content=\"2560\" \/>\n\t<meta property=\"og:image:height\" content=\"1708\" \/>\n\t<meta property=\"og:image:type\" content=\"image\/jpeg\" \/>\n<meta name=\"author\" content=\"Tereza Soares\" \/>\n<meta name=\"twitter:card\" content=\"summary_large_image\" \/>\n<meta name=\"twitter:label1\" content=\"Escrito por\" \/>\n\t<meta name=\"twitter:data1\" content=\"Tereza Soares\" \/>\n\t<meta name=\"twitter:label2\" content=\"Tiempo de lectura\" \/>\n\t<meta name=\"twitter:data2\" content=\"3 minutos\" \/>\n<script type=\"application\/ld+json\" class=\"yoast-schema-graph\">{\"@context\":\"https:\/\/schema.org\",\"@graph\":[{\"@type\":\"Article\",\"@id\":\"https:\/\/grupoican.com.br\/o-sistema-de-gestao-de-sua-empresa-tem-mais-de-10-anos\/#article\",\"isPartOf\":{\"@id\":\"https:\/\/grupoican.com.br\/o-sistema-de-gestao-de-sua-empresa-tem-mais-de-10-anos\/\"},\"author\":{\"name\":\"Tereza Soares\",\"@id\":\"https:\/\/grupoican.com.br\/#\/schema\/person\/41732943ab209853dcb7011960ae7f5f\"},\"headline\":\"O Sistema de Gest\u00e3o de sua empresa tem mais de 10 anos?\",\"datePublished\":\"2022-03-14T02:25:35+00:00\",\"dateModified\":\"2022-06-20T14:53:04+00:00\",\"mainEntityOfPage\":{\"@id\":\"https:\/\/grupoican.com.br\/o-sistema-de-gestao-de-sua-empresa-tem-mais-de-10-anos\/\"},\"wordCount\":544,\"commentCount\":0,\"publisher\":{\"@id\":\"https:\/\/grupoican.com.br\/#organization\"},\"image\":{\"@id\":\"https:\/\/grupoican.com.br\/o-sistema-de-gestao-de-sua-empresa-tem-mais-de-10-anos\/#primaryimage\"},\"thumbnailUrl\":\"https:\/\/grupoican.com.br\/wp-content\/uploads\/2022\/03\/30-calendario-scaled.jpeg\",\"articleSection\":[\"Sem categoria\"],\"inLanguage\":\"es\",\"potentialAction\":[{\"@type\":\"CommentAction\",\"name\":\"Comment\",\"target\":[\"https:\/\/grupoican.com.br\/o-sistema-de-gestao-de-sua-empresa-tem-mais-de-10-anos\/#respond\"]}]},{\"@type\":\"WebPage\",\"@id\":\"https:\/\/grupoican.com.br\/o-sistema-de-gestao-de-sua-empresa-tem-mais-de-10-anos\/\",\"url\":\"https:\/\/grupoican.com.br\/o-sistema-de-gestao-de-sua-empresa-tem-mais-de-10-anos\/\",\"name\":\"O Sistema de Gest\u00e3o de sua empresa tem mais de 10 anos? - GrupoIcan\",\"isPartOf\":{\"@id\":\"https:\/\/grupoican.com.br\/#website\"},\"primaryImageOfPage\":{\"@id\":\"https:\/\/grupoican.com.br\/o-sistema-de-gestao-de-sua-empresa-tem-mais-de-10-anos\/#primaryimage\"},\"image\":{\"@id\":\"https:\/\/grupoican.com.br\/o-sistema-de-gestao-de-sua-empresa-tem-mais-de-10-anos\/#primaryimage\"},\"thumbnailUrl\":\"https:\/\/grupoican.com.br\/wp-content\/uploads\/2022\/03\/30-calendario-scaled.jpeg\",\"datePublished\":\"2022-03-14T02:25:35+00:00\",\"dateModified\":\"2022-06-20T14:53:04+00:00\",\"breadcrumb\":{\"@id\":\"https:\/\/grupoican.com.br\/o-sistema-de-gestao-de-sua-empresa-tem-mais-de-10-anos\/#breadcrumb\"},\"inLanguage\":\"es\",\"potentialAction\":[{\"@type\":\"ReadAction\",\"target\":[\"https:\/\/grupoican.com.br\/o-sistema-de-gestao-de-sua-empresa-tem-mais-de-10-anos\/\"]}]},{\"@type\":\"ImageObject\",\"inLanguage\":\"es\",\"@id\":\"https:\/\/grupoican.com.br\/o-sistema-de-gestao-de-sua-empresa-tem-mais-de-10-anos\/#primaryimage\",\"url\":\"https:\/\/grupoican.com.br\/wp-content\/uploads\/2022\/03\/30-calendario-scaled.jpeg\",\"contentUrl\":\"https:\/\/grupoican.com.br\/wp-content\/uploads\/2022\/03\/30-calendario-scaled.jpeg\",\"width\":2560,\"height\":1708},{\"@type\":\"BreadcrumbList\",\"@id\":\"https:\/\/grupoican.com.br\/o-sistema-de-gestao-de-sua-empresa-tem-mais-de-10-anos\/#breadcrumb\",\"itemListElement\":[{\"@type\":\"ListItem\",\"position\":1,\"name\":\"In\u00edcio\",\"item\":\"https:\/\/grupoican.com.br\/\"},{\"@type\":\"ListItem\",\"position\":2,\"name\":\"O Sistema de Gest\u00e3o de sua empresa tem mais de 10 anos?\"}]},{\"@type\":\"WebSite\",\"@id\":\"https:\/\/grupoican.com.br\/#website\",\"url\":\"https:\/\/grupoican.com.br\/\",\"name\":\"GrupoIcan\",\"description\":\"Consultoria especializada em gest\u00e3o empresarial e \u00e1rea de petr\u00f3leo e g\u00e1s.\",\"publisher\":{\"@id\":\"https:\/\/grupoican.com.br\/#organization\"},\"potentialAction\":[{\"@type\":\"SearchAction\",\"target\":{\"@type\":\"EntryPoint\",\"urlTemplate\":\"https:\/\/grupoican.com.br\/?s={search_term_string}\"},\"query-input\":{\"@type\":\"PropertyValueSpecification\",\"valueRequired\":true,\"valueName\":\"search_term_string\"}}],\"inLanguage\":\"es\"},{\"@type\":\"Organization\",\"@id\":\"https:\/\/grupoican.com.br\/#organization\",\"name\":\"GrupoIcan\",\"url\":\"https:\/\/grupoican.com.br\/\",\"logo\":{\"@type\":\"ImageObject\",\"inLanguage\":\"es\",\"@id\":\"https:\/\/grupoican.com.br\/#\/schema\/logo\/image\/\",\"url\":\"https:\/\/grupoican.com.br\/wp-content\/uploads\/2021\/09\/logo-icanbe.png\",\"contentUrl\":\"https:\/\/grupoican.com.br\/wp-content\/uploads\/2021\/09\/logo-icanbe.png\",\"width\":1855,\"height\":1573,\"caption\":\"GrupoIcan\"},\"image\":{\"@id\":\"https:\/\/grupoican.com.br\/#\/schema\/logo\/image\/\"}},{\"@type\":\"Person\",\"@id\":\"https:\/\/grupoican.com.br\/#\/schema\/person\/41732943ab209853dcb7011960ae7f5f\",\"name\":\"Tereza Soares\",\"image\":{\"@type\":\"ImageObject\",\"inLanguage\":\"es\",\"@id\":\"https:\/\/grupoican.com.br\/#\/schema\/person\/image\/\",\"url\":\"https:\/\/secure.gravatar.com\/avatar\/50ad5d5b2fe34a727c07e8fbb050374b736ca78e93e3d5a80b9c79b91800a774?s=96&d=mm&r=g\",\"contentUrl\":\"https:\/\/secure.gravatar.com\/avatar\/50ad5d5b2fe34a727c07e8fbb050374b736ca78e93e3d5a80b9c79b91800a774?s=96&d=mm&r=g\",\"caption\":\"Tereza Soares\"},\"url\":\"https:\/\/grupoican.com.br\/es\/author\/tereza\/\"}]}<\/script>\n<!-- \/ Yoast SEO Premium plugin. -->","yoast_head_json":{"title":"O Sistema de Gest\u00e3o de sua empresa tem mais de 10 anos? - GrupoIcan","robots":{"index":"index","follow":"follow","max-snippet":"max-snippet:-1","max-image-preview":"max-image-preview:large","max-video-preview":"max-video-preview:-1"},"canonical":"https:\/\/grupoican.com.br\/es\/o-sistema-de-gestao-de-sua-empresa-tem-mais-de-10-anos\/","og_locale":"es_ES","og_type":"article","og_title":"O Sistema de Gest\u00e3o de sua empresa tem mais de 10 anos?","og_description":"Eu venho acompanhando a evolu\u00e7\u00e3o da gest\u00e3o das empresas e desejo compartilhar com voc\u00eas algumas considera\u00e7\u00f5es sobre os impactos quando um Sistema de Gest\u00e3o tem mais de 10 anos de implanta\u00e7\u00e3o. Vamos l\u00e1? Desde 1994, comecei a minha trajet\u00f3ria de desenhar Modelos de Gest\u00e3o e Sistemas de Gest\u00e3o Integrados, baseados em requisitos de normas internacionais,&hellip;&nbsp;Read More &raquo;O Sistema de Gest\u00e3o de sua empresa tem mais de 10 anos?","og_url":"https:\/\/grupoican.com.br\/es\/o-sistema-de-gestao-de-sua-empresa-tem-mais-de-10-anos\/","og_site_name":"GrupoIcan","article_published_time":"2022-03-14T02:25:35+00:00","article_modified_time":"2022-06-20T14:53:04+00:00","og_image":[{"width":2560,"height":1708,"url":"http:\/\/grupoican.com.br\/wp-content\/uploads\/2022\/03\/30-calendario-scaled.jpeg","type":"image\/jpeg"}],"author":"Tereza Soares","twitter_card":"summary_large_image","twitter_misc":{"Escrito por":"Tereza Soares","Tiempo de lectura":"3 minutos"},"schema":{"@context":"https:\/\/schema.org","@graph":[{"@type":"Article","@id":"https:\/\/grupoican.com.br\/o-sistema-de-gestao-de-sua-empresa-tem-mais-de-10-anos\/#article","isPartOf":{"@id":"https:\/\/grupoican.com.br\/o-sistema-de-gestao-de-sua-empresa-tem-mais-de-10-anos\/"},"author":{"name":"Tereza Soares","@id":"https:\/\/grupoican.com.br\/#\/schema\/person\/41732943ab209853dcb7011960ae7f5f"},"headline":"O Sistema de Gest\u00e3o de sua empresa tem mais de 10 anos?","datePublished":"2022-03-14T02:25:35+00:00","dateModified":"2022-06-20T14:53:04+00:00","mainEntityOfPage":{"@id":"https:\/\/grupoican.com.br\/o-sistema-de-gestao-de-sua-empresa-tem-mais-de-10-anos\/"},"wordCount":544,"commentCount":0,"publisher":{"@id":"https:\/\/grupoican.com.br\/#organization"},"image":{"@id":"https:\/\/grupoican.com.br\/o-sistema-de-gestao-de-sua-empresa-tem-mais-de-10-anos\/#primaryimage"},"thumbnailUrl":"https:\/\/grupoican.com.br\/wp-content\/uploads\/2022\/03\/30-calendario-scaled.jpeg","articleSection":["Sem categoria"],"inLanguage":"es","potentialAction":[{"@type":"CommentAction","name":"Comment","target":["https:\/\/grupoican.com.br\/o-sistema-de-gestao-de-sua-empresa-tem-mais-de-10-anos\/#respond"]}]},{"@type":"WebPage","@id":"https:\/\/grupoican.com.br\/o-sistema-de-gestao-de-sua-empresa-tem-mais-de-10-anos\/","url":"https:\/\/grupoican.com.br\/o-sistema-de-gestao-de-sua-empresa-tem-mais-de-10-anos\/","name":"O Sistema de Gest\u00e3o de sua empresa tem mais de 10 anos? - GrupoIcan","isPartOf":{"@id":"https:\/\/grupoican.com.br\/#website"},"primaryImageOfPage":{"@id":"https:\/\/grupoican.com.br\/o-sistema-de-gestao-de-sua-empresa-tem-mais-de-10-anos\/#primaryimage"},"image":{"@id":"https:\/\/grupoican.com.br\/o-sistema-de-gestao-de-sua-empresa-tem-mais-de-10-anos\/#primaryimage"},"thumbnailUrl":"https:\/\/grupoican.com.br\/wp-content\/uploads\/2022\/03\/30-calendario-scaled.jpeg","datePublished":"2022-03-14T02:25:35+00:00","dateModified":"2022-06-20T14:53:04+00:00","breadcrumb":{"@id":"https:\/\/grupoican.com.br\/o-sistema-de-gestao-de-sua-empresa-tem-mais-de-10-anos\/#breadcrumb"},"inLanguage":"es","potentialAction":[{"@type":"ReadAction","target":["https:\/\/grupoican.com.br\/o-sistema-de-gestao-de-sua-empresa-tem-mais-de-10-anos\/"]}]},{"@type":"ImageObject","inLanguage":"es","@id":"https:\/\/grupoican.com.br\/o-sistema-de-gestao-de-sua-empresa-tem-mais-de-10-anos\/#primaryimage","url":"https:\/\/grupoican.com.br\/wp-content\/uploads\/2022\/03\/30-calendario-scaled.jpeg","contentUrl":"https:\/\/grupoican.com.br\/wp-content\/uploads\/2022\/03\/30-calendario-scaled.jpeg","width":2560,"height":1708},{"@type":"BreadcrumbList","@id":"https:\/\/grupoican.com.br\/o-sistema-de-gestao-de-sua-empresa-tem-mais-de-10-anos\/#breadcrumb","itemListElement":[{"@type":"ListItem","position":1,"name":"In\u00edcio","item":"https:\/\/grupoican.com.br\/"},{"@type":"ListItem","position":2,"name":"O Sistema de Gest\u00e3o de sua empresa tem mais de 10 anos?"}]},{"@type":"WebSite","@id":"https:\/\/grupoican.com.br\/#website","url":"https:\/\/grupoican.com.br\/","name":"GrupoIcan","description":"Consultoria especializada em gest\u00e3o empresarial e \u00e1rea de petr\u00f3leo e g\u00e1s.","publisher":{"@id":"https:\/\/grupoican.com.br\/#organization"},"potentialAction":[{"@type":"SearchAction","target":{"@type":"EntryPoint","urlTemplate":"https:\/\/grupoican.com.br\/?s={search_term_string}"},"query-input":{"@type":"PropertyValueSpecification","valueRequired":true,"valueName":"search_term_string"}}],"inLanguage":"es"},{"@type":"Organization","@id":"https:\/\/grupoican.com.br\/#organization","name":"GrupoIcan","url":"https:\/\/grupoican.com.br\/","logo":{"@type":"ImageObject","inLanguage":"es","@id":"https:\/\/grupoican.com.br\/#\/schema\/logo\/image\/","url":"https:\/\/grupoican.com.br\/wp-content\/uploads\/2021\/09\/logo-icanbe.png","contentUrl":"https:\/\/grupoican.com.br\/wp-content\/uploads\/2021\/09\/logo-icanbe.png","width":1855,"height":1573,"caption":"GrupoIcan"},"image":{"@id":"https:\/\/grupoican.com.br\/#\/schema\/logo\/image\/"}},{"@type":"Person","@id":"https:\/\/grupoican.com.br\/#\/schema\/person\/41732943ab209853dcb7011960ae7f5f","name":"Tereza Soares","image":{"@type":"ImageObject","inLanguage":"es","@id":"https:\/\/grupoican.com.br\/#\/schema\/person\/image\/","url":"https:\/\/secure.gravatar.com\/avatar\/50ad5d5b2fe34a727c07e8fbb050374b736ca78e93e3d5a80b9c79b91800a774?s=96&d=mm&r=g","contentUrl":"https:\/\/secure.gravatar.com\/avatar\/50ad5d5b2fe34a727c07e8fbb050374b736ca78e93e3d5a80b9c79b91800a774?s=96&d=mm&r=g","caption":"Tereza Soares"},"url":"https:\/\/grupoican.com.br\/es\/author\/tereza\/"}]}},"amp_enabled":true,"_links":{"self":[{"href":"https:\/\/grupoican.com.br\/es\/wp-json\/wp\/v2\/posts\/1088","targetHints":{"allow":["GET"]}}],"collection":[{"href":"https:\/\/grupoican.com.br\/es\/wp-json\/wp\/v2\/posts"}],"about":[{"href":"https:\/\/grupoican.com.br\/es\/wp-json\/wp\/v2\/types\/post"}],"author":[{"embeddable":true,"href":"https:\/\/grupoican.com.br\/es\/wp-json\/wp\/v2\/users\/2"}],"replies":[{"embeddable":true,"href":"https:\/\/grupoican.com.br\/es\/wp-json\/wp\/v2\/comments?post=1088"}],"version-history":[{"count":0,"href":"https:\/\/grupoican.com.br\/es\/wp-json\/wp\/v2\/posts\/1088\/revisions"}],"wp:featuredmedia":[{"embeddable":true,"href":"https:\/\/grupoican.com.br\/es\/wp-json\/wp\/v2\/media\/1701"}],"wp:attachment":[{"href":"https:\/\/grupoican.com.br\/es\/wp-json\/wp\/v2\/media?parent=1088"}],"wp:term":[{"taxonomy":"category","embeddable":true,"href":"https:\/\/grupoican.com.br\/es\/wp-json\/wp\/v2\/categories?post=1088"},{"taxonomy":"post_tag","embeddable":true,"href":"https:\/\/grupoican.com.br\/es\/wp-json\/wp\/v2\/tags?post=1088"}],"curies":[{"name":"wp","href":"https:\/\/api.w.org\/{rel}","templated":true}]}}