{"id":2522,"date":"2022-09-21T13:50:53","date_gmt":"2022-09-21T16:50:53","guid":{"rendered":"https:\/\/grupoican.com.br\/?p=2522"},"modified":"2022-09-26T14:33:21","modified_gmt":"2022-09-26T17:33:21","slug":"por-onde-andam","status":"publish","type":"post","link":"https:\/\/grupoican.com.br\/es\/por-onde-andam\/","title":{"rendered":"Serie: Personas de Nuestra Historia"},"content":{"rendered":"<div data-elementor-type=\"wp-post\" data-elementor-id=\"2522\" class=\"elementor elementor-2522\" data-elementor-post-type=\"post\">\n\t\t\t\t\t\t<section class=\"elementor-section elementor-top-section elementor-element elementor-element-1a7e6ae elementor-section-boxed elementor-section-height-default elementor-section-height-default\" data-id=\"1a7e6ae\" data-element_type=\"section\">\n\t\t\t\t\t\t<div class=\"elementor-container elementor-column-gap-default\">\n\t\t\t\t\t<div class=\"elementor-column elementor-col-100 elementor-top-column elementor-element elementor-element-1600189\" data-id=\"1600189\" data-element_type=\"column\">\n\t\t\t<div class=\"elementor-widget-wrap elementor-element-populated\">\n\t\t\t\t\t\t<div class=\"elementor-element elementor-element-dbd0f41 elementor-widget elementor-widget-heading\" data-id=\"dbd0f41\" data-element_type=\"widget\" data-widget_type=\"heading.default\">\n\t\t\t\t<div class=\"elementor-widget-container\">\n\t\t\t\t\t<h2 class=\"elementor-heading-title elementor-size-default\">\u00a1Qu\u00e9 orgulloso de ti!<\/h2>\t\t\t\t<\/div>\n\t\t\t\t<\/div>\n\t\t\t\t\t<\/div>\n\t\t<\/div>\n\t\t\t\t\t<\/div>\n\t\t<\/section>\n\t\t\t\t<section class=\"elementor-section elementor-top-section elementor-element elementor-element-71b2212e elementor-section-boxed elementor-section-height-default elementor-section-height-default\" data-id=\"71b2212e\" data-element_type=\"section\">\n\t\t\t\t\t\t<div class=\"elementor-container elementor-column-gap-default\">\n\t\t\t\t\t<div class=\"elementor-column elementor-col-100 elementor-top-column elementor-element elementor-element-4a7691dd\" data-id=\"4a7691dd\" data-element_type=\"column\">\n\t\t\t<div class=\"elementor-widget-wrap elementor-element-populated\">\n\t\t\t\t\t\t<div class=\"elementor-element elementor-element-19a92733 elementor-widget elementor-widget-text-editor\" data-id=\"19a92733\" data-element_type=\"widget\" data-widget_type=\"text-editor.default\">\n\t\t\t\t<div class=\"elementor-widget-container\">\n\t\t\t\t\t\t\t\t\t\n<p>De izquierda a derecha: Daniel Resemini, Tereza Soares, Marino Muratore y Matheus Gronow<\/p>\n<p>En 2014, nuestra empresa ejecut\u00f3 un proyecto con el objetivo de que Ocean Rig do Brasil adoptara acciones para la prevenci\u00f3n de incidentes, con \u00e9nfasis en la ca\u00edda de objetos (\u201cDrop\u201d), los barcos Mykonos, Mylos y Corcovado.<\/p>\n<p>Lo m\u00e1s destacado de este proyecto fue la participaci\u00f3n de los j\u00f3venes talentos Daniel Resemini y Matheus Gronow, en ese momento ambos reci\u00e9n graduados con una licenciatura en Ingenier\u00eda de Petr\u00f3leo. Ellos fueron asesorados por m\u00ed, Tereza Soares y Marino Muratore.<\/p>\n<p>Despu\u00e9s de 08 a\u00f1os, su trayectoria es un verdadero \u00e9xito.<\/p>\n<p>Daniel Resemini es Consejero Delegado |<a href=\"https:\/\/www.deltavengenharia.com\/\" target=\"_blank\" rel=\"noopener\"> Ingenier\u00eda espacial DeltaV.<\/a> Esta startup gan\u00f3 un aviso p\u00fablico\/subvenci\u00f3n R$ 8 millones para habilitar un prototipo de cohete de entrenamiento, dise\u00f1ado por la Agencia Espacial Brasile\u00f1a (AEB), el Ministerio de Ciencia y Tecnolog\u00eda y FINEP.<\/p>\n<p>Matheus Gronow es ingeniero jefe de ventas t\u00e9cnicas en LESER GmbH &amp; Co. KG en Hamburgo, Alemania, liderando un equipo de 6 ingenieros en la sede y 25 ingenieros en la divisi\u00f3n de ventas de Asia.<\/p>\n<p>Espera que en el pr\u00f3ximo art\u00edculo daremos a conocer m\u00e1s talentos que ya han formado parte del equipo de Grupo I can.<\/p>\n\t\t\t\t\t\t\t\t<\/div>\n\t\t\t\t<\/div>\n\t\t\t\t\t<\/div>\n\t\t<\/div>\n\t\t\t\t\t<\/div>\n\t\t<\/section>\n\t\t\t\t<\/div>","protected":false},"excerpt":{"rendered":"<p>Quanto orgulho de voc\u00eas! Da esquerda para a direita: Daniel Resemini, Tereza Soares, Marino Muratore e Matheus Gronow Em 2014, a nossa empresa, executou um projeto com o objetivo da Ocean Rig do Brasil adotar a\u00e7\u00f5es para prevenir incidentes, com destaque para queda de objetos (\u201cDrop\u201d), navios Mykonos, Mylos e Corcovado. O destaque deste projeto&hellip;&nbsp;<a href=\"https:\/\/grupoican.com.br\/es\/por-onde-andam\/\" rel=\"bookmark\">Read More &raquo;<span class=\"screen-reader-text\">Serie: Personas de Nuestra Historia<\/span><\/a><\/p>","protected":false},"author":1,"featured_media":2524,"comment_status":"open","ping_status":"open","sticky":false,"template":"","format":"standard","meta":{"neve_meta_sidebar":"","neve_meta_container":"","neve_meta_enable_content_width":"","neve_meta_content_width":0,"neve_meta_title_alignment":"","neve_meta_author_avatar":"","neve_post_elements_order":"","neve_meta_disable_header":"","neve_meta_disable_footer":"","neve_meta_disable_title":"","neve_meta_reading_time":"","_joinchat":[],"footnotes":""},"categories":[1208],"tags":[],"class_list":["post-2522","post","type-post","status-publish","format-standard","has-post-thumbnail","hentry","category-blog"],"yoast_head":"<!-- This site is optimized with the Yoast SEO Premium plugin v22.5 (Yoast SEO v24.5) - https:\/\/yoast.com\/wordpress\/plugins\/seo\/ -->\n<title>S\u00e9rie: Pessoas da Nossa Hist\u00f3ria - GrupoIcan<\/title>\n<meta name=\"robots\" content=\"index, follow, max-snippet:-1, max-image-preview:large, max-video-preview:-1\" \/>\n<link rel=\"canonical\" href=\"https:\/\/grupoican.com.br\/es\/por-onde-andam\/\" \/>\n<meta property=\"og:locale\" content=\"es_ES\" \/>\n<meta property=\"og:type\" content=\"article\" \/>\n<meta property=\"og:title\" content=\"S\u00e9rie: Pessoas da Nossa Hist\u00f3ria\" \/>\n<meta property=\"og:description\" content=\"Quanto orgulho de voc\u00eas! Da esquerda para a direita: Daniel Resemini, Tereza Soares, Marino Muratore e Matheus Gronow Em 2014, a nossa empresa, executou um projeto com o objetivo da Ocean Rig do Brasil adotar a\u00e7\u00f5es para prevenir incidentes, com destaque para queda de objetos (\u201cDrop\u201d), navios Mykonos, Mylos e Corcovado. O destaque deste projeto&hellip;&nbsp;Read More &raquo;S\u00e9rie: Pessoas da Nossa Hist\u00f3ria\" \/>\n<meta property=\"og:url\" content=\"https:\/\/grupoican.com.br\/es\/por-onde-andam\/\" \/>\n<meta property=\"og:site_name\" content=\"GrupoIcan\" \/>\n<meta property=\"article:published_time\" content=\"2022-09-21T16:50:53+00:00\" \/>\n<meta property=\"article:modified_time\" content=\"2022-09-26T17:33:21+00:00\" \/>\n<meta property=\"og:image\" content=\"https:\/\/grupoican.com.br\/wp-content\/uploads\/2022\/09\/WhatsApp-Image-2022-09-21-at-12.21.24-1.jpeg\" \/>\n\t<meta property=\"og:image:width\" content=\"975\" \/>\n\t<meta property=\"og:image:height\" content=\"751\" \/>\n\t<meta property=\"og:image:type\" content=\"image\/jpeg\" \/>\n<meta name=\"author\" content=\"Admin\" \/>\n<meta name=\"twitter:card\" content=\"summary_large_image\" \/>\n<meta name=\"twitter:label1\" content=\"Escrito por\" \/>\n\t<meta name=\"twitter:data1\" content=\"Admin\" \/>\n\t<meta name=\"twitter:label2\" content=\"Tiempo de lectura\" \/>\n\t<meta name=\"twitter:data2\" content=\"2 minutos\" \/>\n<script type=\"application\/ld+json\" class=\"yoast-schema-graph\">{\"@context\":\"https:\/\/schema.org\",\"@graph\":[{\"@type\":\"Article\",\"@id\":\"https:\/\/grupoican.com.br\/por-onde-andam\/#article\",\"isPartOf\":{\"@id\":\"https:\/\/grupoican.com.br\/por-onde-andam\/\"},\"author\":{\"name\":\"Admin\",\"@id\":\"https:\/\/grupoican.com.br\/#\/schema\/person\/f88a9177f15ebafd5a3fe8308c8cde83\"},\"headline\":\"S\u00e9rie: Pessoas da Nossa Hist\u00f3ria\",\"datePublished\":\"2022-09-21T16:50:53+00:00\",\"dateModified\":\"2022-09-26T17:33:21+00:00\",\"mainEntityOfPage\":{\"@id\":\"https:\/\/grupoican.com.br\/por-onde-andam\/\"},\"wordCount\":204,\"commentCount\":0,\"publisher\":{\"@id\":\"https:\/\/grupoican.com.br\/#organization\"},\"image\":{\"@id\":\"https:\/\/grupoican.com.br\/por-onde-andam\/#primaryimage\"},\"thumbnailUrl\":\"https:\/\/grupoican.com.br\/wp-content\/uploads\/2022\/09\/WhatsApp-Image-2022-09-21-at-12.21.24-1.jpeg\",\"articleSection\":[\"Blog\"],\"inLanguage\":\"es\",\"potentialAction\":[{\"@type\":\"CommentAction\",\"name\":\"Comment\",\"target\":[\"https:\/\/grupoican.com.br\/por-onde-andam\/#respond\"]}]},{\"@type\":\"WebPage\",\"@id\":\"https:\/\/grupoican.com.br\/por-onde-andam\/\",\"url\":\"https:\/\/grupoican.com.br\/por-onde-andam\/\",\"name\":\"S\u00e9rie: Pessoas da Nossa Hist\u00f3ria - GrupoIcan\",\"isPartOf\":{\"@id\":\"https:\/\/grupoican.com.br\/#website\"},\"primaryImageOfPage\":{\"@id\":\"https:\/\/grupoican.com.br\/por-onde-andam\/#primaryimage\"},\"image\":{\"@id\":\"https:\/\/grupoican.com.br\/por-onde-andam\/#primaryimage\"},\"thumbnailUrl\":\"https:\/\/grupoican.com.br\/wp-content\/uploads\/2022\/09\/WhatsApp-Image-2022-09-21-at-12.21.24-1.jpeg\",\"datePublished\":\"2022-09-21T16:50:53+00:00\",\"dateModified\":\"2022-09-26T17:33:21+00:00\",\"breadcrumb\":{\"@id\":\"https:\/\/grupoican.com.br\/por-onde-andam\/#breadcrumb\"},\"inLanguage\":\"es\",\"potentialAction\":[{\"@type\":\"ReadAction\",\"target\":[\"https:\/\/grupoican.com.br\/por-onde-andam\/\"]}]},{\"@type\":\"ImageObject\",\"inLanguage\":\"es\",\"@id\":\"https:\/\/grupoican.com.br\/por-onde-andam\/#primaryimage\",\"url\":\"https:\/\/grupoican.com.br\/wp-content\/uploads\/2022\/09\/WhatsApp-Image-2022-09-21-at-12.21.24-1.jpeg\",\"contentUrl\":\"https:\/\/grupoican.com.br\/wp-content\/uploads\/2022\/09\/WhatsApp-Image-2022-09-21-at-12.21.24-1.jpeg\",\"width\":975,\"height\":751,\"caption\":\"Da esquerda para a direita: Daniel Resemini, Tereza Soares, Marino Muratore e Matheus Gronow\"},{\"@type\":\"BreadcrumbList\",\"@id\":\"https:\/\/grupoican.com.br\/por-onde-andam\/#breadcrumb\",\"itemListElement\":[{\"@type\":\"ListItem\",\"position\":1,\"name\":\"In\u00edcio\",\"item\":\"https:\/\/grupoican.com.br\/\"},{\"@type\":\"ListItem\",\"position\":2,\"name\":\"S\u00e9rie: Pessoas da Nossa Hist\u00f3ria\"}]},{\"@type\":\"WebSite\",\"@id\":\"https:\/\/grupoican.com.br\/#website\",\"url\":\"https:\/\/grupoican.com.br\/\",\"name\":\"GrupoIcan\",\"description\":\"Consultoria especializada em gest\u00e3o empresarial e \u00e1rea de petr\u00f3leo e g\u00e1s.\",\"publisher\":{\"@id\":\"https:\/\/grupoican.com.br\/#organization\"},\"potentialAction\":[{\"@type\":\"SearchAction\",\"target\":{\"@type\":\"EntryPoint\",\"urlTemplate\":\"https:\/\/grupoican.com.br\/?s={search_term_string}\"},\"query-input\":{\"@type\":\"PropertyValueSpecification\",\"valueRequired\":true,\"valueName\":\"search_term_string\"}}],\"inLanguage\":\"es\"},{\"@type\":\"Organization\",\"@id\":\"https:\/\/grupoican.com.br\/#organization\",\"name\":\"GrupoIcan\",\"url\":\"https:\/\/grupoican.com.br\/\",\"logo\":{\"@type\":\"ImageObject\",\"inLanguage\":\"es\",\"@id\":\"https:\/\/grupoican.com.br\/#\/schema\/logo\/image\/\",\"url\":\"https:\/\/grupoican.com.br\/wp-content\/uploads\/2021\/09\/logo-icanbe.png\",\"contentUrl\":\"https:\/\/grupoican.com.br\/wp-content\/uploads\/2021\/09\/logo-icanbe.png\",\"width\":1855,\"height\":1573,\"caption\":\"GrupoIcan\"},\"image\":{\"@id\":\"https:\/\/grupoican.com.br\/#\/schema\/logo\/image\/\"}},{\"@type\":\"Person\",\"@id\":\"https:\/\/grupoican.com.br\/#\/schema\/person\/f88a9177f15ebafd5a3fe8308c8cde83\",\"name\":\"Admin\",\"image\":{\"@type\":\"ImageObject\",\"inLanguage\":\"es\",\"@id\":\"https:\/\/grupoican.com.br\/#\/schema\/person\/image\/\",\"url\":\"https:\/\/secure.gravatar.com\/avatar\/69947cc14238bc906a53010b047a4ad9ff20eacca93f5c5f6f0efd85a7a249aa?s=96&d=mm&r=g\",\"contentUrl\":\"https:\/\/secure.gravatar.com\/avatar\/69947cc14238bc906a53010b047a4ad9ff20eacca93f5c5f6f0efd85a7a249aa?s=96&d=mm&r=g\",\"caption\":\"Admin\"},\"sameAs\":[\"http:\/\/grupoican.com.br\"],\"url\":\"https:\/\/grupoican.com.br\/es\/author\/admin\/\"}]}<\/script>\n<!-- \/ Yoast SEO Premium plugin. -->","yoast_head_json":{"title":"S\u00e9rie: Pessoas da Nossa Hist\u00f3ria - GrupoIcan","robots":{"index":"index","follow":"follow","max-snippet":"max-snippet:-1","max-image-preview":"max-image-preview:large","max-video-preview":"max-video-preview:-1"},"canonical":"https:\/\/grupoican.com.br\/es\/por-onde-andam\/","og_locale":"es_ES","og_type":"article","og_title":"S\u00e9rie: Pessoas da Nossa Hist\u00f3ria","og_description":"Quanto orgulho de voc\u00eas! Da esquerda para a direita: Daniel Resemini, Tereza Soares, Marino Muratore e Matheus Gronow Em 2014, a nossa empresa, executou um projeto com o objetivo da Ocean Rig do Brasil adotar a\u00e7\u00f5es para prevenir incidentes, com destaque para queda de objetos (\u201cDrop\u201d), navios Mykonos, Mylos e Corcovado. O destaque deste projeto&hellip;&nbsp;Read More &raquo;S\u00e9rie: Pessoas da Nossa Hist\u00f3ria","og_url":"https:\/\/grupoican.com.br\/es\/por-onde-andam\/","og_site_name":"GrupoIcan","article_published_time":"2022-09-21T16:50:53+00:00","article_modified_time":"2022-09-26T17:33:21+00:00","og_image":[{"width":975,"height":751,"url":"https:\/\/grupoican.com.br\/wp-content\/uploads\/2022\/09\/WhatsApp-Image-2022-09-21-at-12.21.24-1.jpeg","type":"image\/jpeg"}],"author":"Admin","twitter_card":"summary_large_image","twitter_misc":{"Escrito por":"Admin","Tiempo de lectura":"2 minutos"},"schema":{"@context":"https:\/\/schema.org","@graph":[{"@type":"Article","@id":"https:\/\/grupoican.com.br\/por-onde-andam\/#article","isPartOf":{"@id":"https:\/\/grupoican.com.br\/por-onde-andam\/"},"author":{"name":"Admin","@id":"https:\/\/grupoican.com.br\/#\/schema\/person\/f88a9177f15ebafd5a3fe8308c8cde83"},"headline":"S\u00e9rie: Pessoas da Nossa Hist\u00f3ria","datePublished":"2022-09-21T16:50:53+00:00","dateModified":"2022-09-26T17:33:21+00:00","mainEntityOfPage":{"@id":"https:\/\/grupoican.com.br\/por-onde-andam\/"},"wordCount":204,"commentCount":0,"publisher":{"@id":"https:\/\/grupoican.com.br\/#organization"},"image":{"@id":"https:\/\/grupoican.com.br\/por-onde-andam\/#primaryimage"},"thumbnailUrl":"https:\/\/grupoican.com.br\/wp-content\/uploads\/2022\/09\/WhatsApp-Image-2022-09-21-at-12.21.24-1.jpeg","articleSection":["Blog"],"inLanguage":"es","potentialAction":[{"@type":"CommentAction","name":"Comment","target":["https:\/\/grupoican.com.br\/por-onde-andam\/#respond"]}]},{"@type":"WebPage","@id":"https:\/\/grupoican.com.br\/por-onde-andam\/","url":"https:\/\/grupoican.com.br\/por-onde-andam\/","name":"S\u00e9rie: Pessoas da Nossa Hist\u00f3ria - GrupoIcan","isPartOf":{"@id":"https:\/\/grupoican.com.br\/#website"},"primaryImageOfPage":{"@id":"https:\/\/grupoican.com.br\/por-onde-andam\/#primaryimage"},"image":{"@id":"https:\/\/grupoican.com.br\/por-onde-andam\/#primaryimage"},"thumbnailUrl":"https:\/\/grupoican.com.br\/wp-content\/uploads\/2022\/09\/WhatsApp-Image-2022-09-21-at-12.21.24-1.jpeg","datePublished":"2022-09-21T16:50:53+00:00","dateModified":"2022-09-26T17:33:21+00:00","breadcrumb":{"@id":"https:\/\/grupoican.com.br\/por-onde-andam\/#breadcrumb"},"inLanguage":"es","potentialAction":[{"@type":"ReadAction","target":["https:\/\/grupoican.com.br\/por-onde-andam\/"]}]},{"@type":"ImageObject","inLanguage":"es","@id":"https:\/\/grupoican.com.br\/por-onde-andam\/#primaryimage","url":"https:\/\/grupoican.com.br\/wp-content\/uploads\/2022\/09\/WhatsApp-Image-2022-09-21-at-12.21.24-1.jpeg","contentUrl":"https:\/\/grupoican.com.br\/wp-content\/uploads\/2022\/09\/WhatsApp-Image-2022-09-21-at-12.21.24-1.jpeg","width":975,"height":751,"caption":"Da esquerda para a direita: Daniel Resemini, Tereza Soares, Marino Muratore e Matheus Gronow"},{"@type":"BreadcrumbList","@id":"https:\/\/grupoican.com.br\/por-onde-andam\/#breadcrumb","itemListElement":[{"@type":"ListItem","position":1,"name":"In\u00edcio","item":"https:\/\/grupoican.com.br\/"},{"@type":"ListItem","position":2,"name":"S\u00e9rie: Pessoas da Nossa Hist\u00f3ria"}]},{"@type":"WebSite","@id":"https:\/\/grupoican.com.br\/#website","url":"https:\/\/grupoican.com.br\/","name":"GrupoIcan","description":"Consultoria especializada em gest\u00e3o empresarial e \u00e1rea de petr\u00f3leo e g\u00e1s.","publisher":{"@id":"https:\/\/grupoican.com.br\/#organization"},"potentialAction":[{"@type":"SearchAction","target":{"@type":"EntryPoint","urlTemplate":"https:\/\/grupoican.com.br\/?s={search_term_string}"},"query-input":{"@type":"PropertyValueSpecification","valueRequired":true,"valueName":"search_term_string"}}],"inLanguage":"es"},{"@type":"Organization","@id":"https:\/\/grupoican.com.br\/#organization","name":"GrupoIcan","url":"https:\/\/grupoican.com.br\/","logo":{"@type":"ImageObject","inLanguage":"es","@id":"https:\/\/grupoican.com.br\/#\/schema\/logo\/image\/","url":"https:\/\/grupoican.com.br\/wp-content\/uploads\/2021\/09\/logo-icanbe.png","contentUrl":"https:\/\/grupoican.com.br\/wp-content\/uploads\/2021\/09\/logo-icanbe.png","width":1855,"height":1573,"caption":"GrupoIcan"},"image":{"@id":"https:\/\/grupoican.com.br\/#\/schema\/logo\/image\/"}},{"@type":"Person","@id":"https:\/\/grupoican.com.br\/#\/schema\/person\/f88a9177f15ebafd5a3fe8308c8cde83","name":"Admin","image":{"@type":"ImageObject","inLanguage":"es","@id":"https:\/\/grupoican.com.br\/#\/schema\/person\/image\/","url":"https:\/\/secure.gravatar.com\/avatar\/69947cc14238bc906a53010b047a4ad9ff20eacca93f5c5f6f0efd85a7a249aa?s=96&d=mm&r=g","contentUrl":"https:\/\/secure.gravatar.com\/avatar\/69947cc14238bc906a53010b047a4ad9ff20eacca93f5c5f6f0efd85a7a249aa?s=96&d=mm&r=g","caption":"Admin"},"sameAs":["http:\/\/grupoican.com.br"],"url":"https:\/\/grupoican.com.br\/es\/author\/admin\/"}]}},"amp_enabled":true,"_links":{"self":[{"href":"https:\/\/grupoican.com.br\/es\/wp-json\/wp\/v2\/posts\/2522","targetHints":{"allow":["GET"]}}],"collection":[{"href":"https:\/\/grupoican.com.br\/es\/wp-json\/wp\/v2\/posts"}],"about":[{"href":"https:\/\/grupoican.com.br\/es\/wp-json\/wp\/v2\/types\/post"}],"author":[{"embeddable":true,"href":"https:\/\/grupoican.com.br\/es\/wp-json\/wp\/v2\/users\/1"}],"replies":[{"embeddable":true,"href":"https:\/\/grupoican.com.br\/es\/wp-json\/wp\/v2\/comments?post=2522"}],"version-history":[{"count":0,"href":"https:\/\/grupoican.com.br\/es\/wp-json\/wp\/v2\/posts\/2522\/revisions"}],"wp:featuredmedia":[{"embeddable":true,"href":"https:\/\/grupoican.com.br\/es\/wp-json\/wp\/v2\/media\/2524"}],"wp:attachment":[{"href":"https:\/\/grupoican.com.br\/es\/wp-json\/wp\/v2\/media?parent=2522"}],"wp:term":[{"taxonomy":"category","embeddable":true,"href":"https:\/\/grupoican.com.br\/es\/wp-json\/wp\/v2\/categories?post=2522"},{"taxonomy":"post_tag","embeddable":true,"href":"https:\/\/grupoican.com.br\/es\/wp-json\/wp\/v2\/tags?post=2522"}],"curies":[{"name":"wp","href":"https:\/\/api.w.org\/{rel}","templated":true}]}}