{"id":1088,"date":"2022-03-13T23:25:35","date_gmt":"2022-03-14T02:25:35","guid":{"rendered":"https:\/\/grupoican.com.br\/?p=1088"},"modified":"2022-06-20T11:53:04","modified_gmt":"2022-06-20T14:53:04","slug":"o-sistema-de-gestao-de-sua-empresa-tem-mais-de-10-anos","status":"publish","type":"post","link":"https:\/\/grupoican.com.br\/fr\/o-sistema-de-gestao-de-sua-empresa-tem-mais-de-10-anos\/","title":{"rendered":"Le syst\u00e8me de gestion de votre entreprise a plus de 10 ans\u00a0?"},"content":{"rendered":"<p>J&#039;ai suivi l&#039;\u00e9volution de la gestion d&#039;entreprise et j&#039;aimerais partager avec vous quelques r\u00e9flexions sur les impacts lorsqu&#039;un syst\u00e8me de gestion est en place depuis plus de 10 ans. Allez?<\/p>\n\n\n\n<p>Depuis 1994, j&#039;ai commenc\u00e9 ma trajectoire de conception de mod\u00e8les de gestion et de syst\u00e8mes de gestion int\u00e9gr\u00e9s, bas\u00e9s sur les exigences des normes internationales, les exigences des clients, les exigences r\u00e9glementaires et la mise en \u0153uvre de ces syst\u00e8mes et en suivant l&#039;\u00e9volution.<\/p>\n\n\n\n<p>NBR ISO 9000:2015 d\u00e9finit un syst\u00e8me de management comme un &quot;ensemble d&#039;\u00e9l\u00e9ments interd\u00e9pendants ou interactifs d&#039;une organisation pour \u00e9tablir des politiques, des objectifs et des processus pour atteindre ces objectifs&quot; et qu&#039;&quot;un syst\u00e8me de management peut concerner une seule discipline ou plusieurs disciplines, par exemple la qualit\u00e9 gestion, gestion financi\u00e8re, gestion environnementale, gestion d&#039;actifs.<\/p>\n\n\n\n<p>Il s&#039;av\u00e8re qu&#039;un grand nombre d&#039;entreprises ont commenc\u00e9 \u00e0 structurer un syst\u00e8me de gestion int\u00e9gr\u00e9, avec l&#039;acronyme SGI ou Integrated Management System (SIG), qui en fait n&#039;a pas d&#039;importance SGI ou GIS, incorporant plusieurs disciplines dans un seul syst\u00e8me.<\/p>\n\n\n\n<p>J&#039;appuie sur la touche\u2026 Au bout de 10 ans, un Syst\u00e8me de Management Int\u00e9gr\u00e9 a connu plusieurs \u00e9volutions organisationnelles et structurelles, des \u00e9volutions technologiques, des \u00e9volutions humaines, de nombreux audits internes et externes, des plans d&#039;actions, des analyses critiques. Chacun de ces \u00e9v\u00e9nements a favoris\u00e9 des changements sp\u00e9cifiques dans la structure du Syst\u00e8me de Management Int\u00e9gr\u00e9 initialement mis en place, sans n\u00e9cessairement avoir proc\u00e9d\u00e9 \u00e0 une analyse globale.<\/p>\n\n\n\n<p>Sur ce, j&#039;ai quelques conseils pour les entreprises qui ont, principalement, un syst\u00e8me de gestion int\u00e9gr\u00e9 depuis plus de 10 ans\u2026 regardez les 10 ans qui apparaissent \u00e0 nouveau.<\/p>\n\n\n\n<p>Des astuces:<br>Combattre l&#039;effet \u00ab patchwork \u00bb : Les exigences et la mani\u00e8re dont elles sont satisfaites sont incluses dans le Syst\u00e8me de Management Int\u00e9gr\u00e9 sans analyse syst\u00e9mique et holistique ;<br>G\u00e9rer le probl\u00e8me du \u00ab\u00a0syndrome de Gabriela\u00a0\u00bb\u00a0: je suis n\u00e9 comme \u00e7a, j&#039;ai grandi comme \u00e7a, je serai toujours comme \u00e7a... bien qu&#039;ils disposent d\u00e9j\u00e0 d&#039;un syst\u00e8me informatis\u00e9 ;<br>Evitez \u00e9galement l&#039;op\u00e9ration de \u00ab plug-in \u00bb : cette op\u00e9ration a lieu juste apr\u00e8s un audit\/\u00e9valuation interne ou externe, lorsque l&#039;entreprise \u00ab court \u00bb pour traiter des non-conformit\u00e9s et des \u00e9carts et non pour am\u00e9liorer le Syst\u00e8me de Management Int\u00e9gr\u00e9 ;<br>\u00c9vitez le \u00ab vieux jargon \u00bb : certains membres de l&#039;\u00e9quipe disent \u00ab je travaillais, maintenant je vais faire les choses que les syst\u00e8mes de gestion demandaient \u00bb. Il n&#039;y a rien de tel, il faut pr\u00e9ciser que travailler c&#039;est r\u00e9pondre aux exigences du Syst\u00e8me de Management Int\u00e9gr\u00e9.<\/p>\n\n\n\n<p>Je ne m&#039;attarderai plus, les conseils ci-dessus et une grande volont\u00e9 de toutes les \u00e9quipes, dirig\u00e9es par les dirigeants, de faire une analyse critique globale du Syst\u00e8me de Management Int\u00e9gr\u00e9 \u00e9viteront l&#039;exc\u00e8s de proc\u00e9dures, de contr\u00f4les internes, de suivi et d&#039;indicateurs de performance , augmentant ainsi la satisfaction des \u00e9quipes, la productivit\u00e9 et l&#039;am\u00e9lioration des r\u00e9sultats commerciaux. Rappelant \u00e9galement que les moteurs strat\u00e9giques et les strat\u00e9gies font partie int\u00e9grante du mod\u00e8le de gestion.<\/p>\n\n\n\n<p>Tereza Soares<br>PDG Groupe je peux<br>13.03.2022<\/p>","protected":false},"excerpt":{"rendered":"<p>Eu venho acompanhando a evolu\u00e7\u00e3o da gest\u00e3o das empresas e desejo compartilhar com voc\u00eas algumas considera\u00e7\u00f5es sobre os impactos quando um Sistema de Gest\u00e3o tem mais de 10 anos de implanta\u00e7\u00e3o. Vamos l\u00e1? Desde 1994, comecei a minha trajet\u00f3ria de desenhar Modelos de Gest\u00e3o e Sistemas de Gest\u00e3o Integrados, baseados em requisitos de normas internacionais,&hellip;&nbsp;<a href=\"https:\/\/grupoican.com.br\/fr\/o-sistema-de-gestao-de-sua-empresa-tem-mais-de-10-anos\/\" rel=\"bookmark\">Read More &raquo;<span class=\"screen-reader-text\">Le syst\u00e8me de gestion de votre entreprise a plus de 10 ans\u00a0?<\/span><\/a><\/p>","protected":false},"author":2,"featured_media":1701,"comment_status":"open","ping_status":"open","sticky":false,"template":"","format":"standard","meta":{"neve_meta_sidebar":"","neve_meta_container":"","neve_meta_enable_content_width":"","neve_meta_content_width":0,"neve_meta_title_alignment":"","neve_meta_author_avatar":"","neve_post_elements_order":"","neve_meta_disable_header":"","neve_meta_disable_footer":"","neve_meta_disable_title":"","neve_meta_reading_time":"","_joinchat":[],"footnotes":""},"categories":[1],"tags":[],"class_list":["post-1088","post","type-post","status-publish","format-standard","has-post-thumbnail","hentry","category-sem-categoria"],"yoast_head":"<!-- This site is optimized with the Yoast SEO Premium plugin v22.5 (Yoast SEO v24.5) - https:\/\/yoast.com\/wordpress\/plugins\/seo\/ -->\n<title>O Sistema de Gest\u00e3o de sua empresa tem mais de 10 anos? - GrupoIcan<\/title>\n<meta name=\"robots\" content=\"index, follow, max-snippet:-1, max-image-preview:large, max-video-preview:-1\" \/>\n<link rel=\"canonical\" href=\"https:\/\/grupoican.com.br\/fr\/o-sistema-de-gestao-de-sua-empresa-tem-mais-de-10-anos\/\" \/>\n<meta property=\"og:locale\" content=\"fr_FR\" \/>\n<meta property=\"og:type\" content=\"article\" \/>\n<meta property=\"og:title\" content=\"O Sistema de Gest\u00e3o de sua empresa tem mais de 10 anos?\" \/>\n<meta property=\"og:description\" content=\"Eu venho acompanhando a evolu\u00e7\u00e3o da gest\u00e3o das empresas e desejo compartilhar com voc\u00eas algumas considera\u00e7\u00f5es sobre os impactos quando um Sistema de Gest\u00e3o tem mais de 10 anos de implanta\u00e7\u00e3o. Vamos l\u00e1? Desde 1994, comecei a minha trajet\u00f3ria de desenhar Modelos de Gest\u00e3o e Sistemas de Gest\u00e3o Integrados, baseados em requisitos de normas internacionais,&hellip;&nbsp;Read More &raquo;O Sistema de Gest\u00e3o de sua empresa tem mais de 10 anos?\" \/>\n<meta property=\"og:url\" content=\"https:\/\/grupoican.com.br\/fr\/o-sistema-de-gestao-de-sua-empresa-tem-mais-de-10-anos\/\" \/>\n<meta property=\"og:site_name\" content=\"GrupoIcan\" \/>\n<meta property=\"article:published_time\" content=\"2022-03-14T02:25:35+00:00\" \/>\n<meta property=\"article:modified_time\" content=\"2022-06-20T14:53:04+00:00\" \/>\n<meta property=\"og:image\" content=\"http:\/\/grupoican.com.br\/wp-content\/uploads\/2022\/03\/30-calendario-scaled.jpeg\" \/>\n\t<meta property=\"og:image:width\" content=\"2560\" \/>\n\t<meta property=\"og:image:height\" content=\"1708\" \/>\n\t<meta property=\"og:image:type\" content=\"image\/jpeg\" \/>\n<meta name=\"author\" content=\"Tereza Soares\" \/>\n<meta name=\"twitter:card\" content=\"summary_large_image\" \/>\n<meta name=\"twitter:label1\" content=\"\u00c9crit par\" \/>\n\t<meta name=\"twitter:data1\" content=\"Tereza Soares\" \/>\n\t<meta name=\"twitter:label2\" content=\"Dur\u00e9e de lecture estim\u00e9e\" \/>\n\t<meta name=\"twitter:data2\" content=\"3 minutes\" \/>\n<script type=\"application\/ld+json\" class=\"yoast-schema-graph\">{\"@context\":\"https:\/\/schema.org\",\"@graph\":[{\"@type\":\"Article\",\"@id\":\"https:\/\/grupoican.com.br\/o-sistema-de-gestao-de-sua-empresa-tem-mais-de-10-anos\/#article\",\"isPartOf\":{\"@id\":\"https:\/\/grupoican.com.br\/o-sistema-de-gestao-de-sua-empresa-tem-mais-de-10-anos\/\"},\"author\":{\"name\":\"Tereza Soares\",\"@id\":\"https:\/\/grupoican.com.br\/#\/schema\/person\/41732943ab209853dcb7011960ae7f5f\"},\"headline\":\"O Sistema de Gest\u00e3o de sua empresa tem mais de 10 anos?\",\"datePublished\":\"2022-03-14T02:25:35+00:00\",\"dateModified\":\"2022-06-20T14:53:04+00:00\",\"mainEntityOfPage\":{\"@id\":\"https:\/\/grupoican.com.br\/o-sistema-de-gestao-de-sua-empresa-tem-mais-de-10-anos\/\"},\"wordCount\":544,\"commentCount\":0,\"publisher\":{\"@id\":\"https:\/\/grupoican.com.br\/#organization\"},\"image\":{\"@id\":\"https:\/\/grupoican.com.br\/o-sistema-de-gestao-de-sua-empresa-tem-mais-de-10-anos\/#primaryimage\"},\"thumbnailUrl\":\"https:\/\/grupoican.com.br\/wp-content\/uploads\/2022\/03\/30-calendario-scaled.jpeg\",\"articleSection\":[\"Sem categoria\"],\"inLanguage\":\"fr-FR\",\"potentialAction\":[{\"@type\":\"CommentAction\",\"name\":\"Comment\",\"target\":[\"https:\/\/grupoican.com.br\/o-sistema-de-gestao-de-sua-empresa-tem-mais-de-10-anos\/#respond\"]}]},{\"@type\":\"WebPage\",\"@id\":\"https:\/\/grupoican.com.br\/o-sistema-de-gestao-de-sua-empresa-tem-mais-de-10-anos\/\",\"url\":\"https:\/\/grupoican.com.br\/o-sistema-de-gestao-de-sua-empresa-tem-mais-de-10-anos\/\",\"name\":\"O Sistema de Gest\u00e3o de sua empresa tem mais de 10 anos? - GrupoIcan\",\"isPartOf\":{\"@id\":\"https:\/\/grupoican.com.br\/#website\"},\"primaryImageOfPage\":{\"@id\":\"https:\/\/grupoican.com.br\/o-sistema-de-gestao-de-sua-empresa-tem-mais-de-10-anos\/#primaryimage\"},\"image\":{\"@id\":\"https:\/\/grupoican.com.br\/o-sistema-de-gestao-de-sua-empresa-tem-mais-de-10-anos\/#primaryimage\"},\"thumbnailUrl\":\"https:\/\/grupoican.com.br\/wp-content\/uploads\/2022\/03\/30-calendario-scaled.jpeg\",\"datePublished\":\"2022-03-14T02:25:35+00:00\",\"dateModified\":\"2022-06-20T14:53:04+00:00\",\"breadcrumb\":{\"@id\":\"https:\/\/grupoican.com.br\/o-sistema-de-gestao-de-sua-empresa-tem-mais-de-10-anos\/#breadcrumb\"},\"inLanguage\":\"fr-FR\",\"potentialAction\":[{\"@type\":\"ReadAction\",\"target\":[\"https:\/\/grupoican.com.br\/o-sistema-de-gestao-de-sua-empresa-tem-mais-de-10-anos\/\"]}]},{\"@type\":\"ImageObject\",\"inLanguage\":\"fr-FR\",\"@id\":\"https:\/\/grupoican.com.br\/o-sistema-de-gestao-de-sua-empresa-tem-mais-de-10-anos\/#primaryimage\",\"url\":\"https:\/\/grupoican.com.br\/wp-content\/uploads\/2022\/03\/30-calendario-scaled.jpeg\",\"contentUrl\":\"https:\/\/grupoican.com.br\/wp-content\/uploads\/2022\/03\/30-calendario-scaled.jpeg\",\"width\":2560,\"height\":1708},{\"@type\":\"BreadcrumbList\",\"@id\":\"https:\/\/grupoican.com.br\/o-sistema-de-gestao-de-sua-empresa-tem-mais-de-10-anos\/#breadcrumb\",\"itemListElement\":[{\"@type\":\"ListItem\",\"position\":1,\"name\":\"In\u00edcio\",\"item\":\"https:\/\/grupoican.com.br\/\"},{\"@type\":\"ListItem\",\"position\":2,\"name\":\"O Sistema de Gest\u00e3o de sua empresa tem mais de 10 anos?\"}]},{\"@type\":\"WebSite\",\"@id\":\"https:\/\/grupoican.com.br\/#website\",\"url\":\"https:\/\/grupoican.com.br\/\",\"name\":\"GrupoIcan\",\"description\":\"Consultoria especializada em gest\u00e3o empresarial e \u00e1rea de petr\u00f3leo e g\u00e1s.\",\"publisher\":{\"@id\":\"https:\/\/grupoican.com.br\/#organization\"},\"potentialAction\":[{\"@type\":\"SearchAction\",\"target\":{\"@type\":\"EntryPoint\",\"urlTemplate\":\"https:\/\/grupoican.com.br\/?s={search_term_string}\"},\"query-input\":{\"@type\":\"PropertyValueSpecification\",\"valueRequired\":true,\"valueName\":\"search_term_string\"}}],\"inLanguage\":\"fr-FR\"},{\"@type\":\"Organization\",\"@id\":\"https:\/\/grupoican.com.br\/#organization\",\"name\":\"GrupoIcan\",\"url\":\"https:\/\/grupoican.com.br\/\",\"logo\":{\"@type\":\"ImageObject\",\"inLanguage\":\"fr-FR\",\"@id\":\"https:\/\/grupoican.com.br\/#\/schema\/logo\/image\/\",\"url\":\"https:\/\/grupoican.com.br\/wp-content\/uploads\/2021\/09\/logo-icanbe.png\",\"contentUrl\":\"https:\/\/grupoican.com.br\/wp-content\/uploads\/2021\/09\/logo-icanbe.png\",\"width\":1855,\"height\":1573,\"caption\":\"GrupoIcan\"},\"image\":{\"@id\":\"https:\/\/grupoican.com.br\/#\/schema\/logo\/image\/\"}},{\"@type\":\"Person\",\"@id\":\"https:\/\/grupoican.com.br\/#\/schema\/person\/41732943ab209853dcb7011960ae7f5f\",\"name\":\"Tereza Soares\",\"image\":{\"@type\":\"ImageObject\",\"inLanguage\":\"fr-FR\",\"@id\":\"https:\/\/grupoican.com.br\/#\/schema\/person\/image\/\",\"url\":\"https:\/\/secure.gravatar.com\/avatar\/50ad5d5b2fe34a727c07e8fbb050374b736ca78e93e3d5a80b9c79b91800a774?s=96&d=mm&r=g\",\"contentUrl\":\"https:\/\/secure.gravatar.com\/avatar\/50ad5d5b2fe34a727c07e8fbb050374b736ca78e93e3d5a80b9c79b91800a774?s=96&d=mm&r=g\",\"caption\":\"Tereza Soares\"},\"url\":\"https:\/\/grupoican.com.br\/fr\/author\/tereza\/\"}]}<\/script>\n<!-- \/ Yoast SEO Premium plugin. -->","yoast_head_json":{"title":"O Sistema de Gest\u00e3o de sua empresa tem mais de 10 anos? - GrupoIcan","robots":{"index":"index","follow":"follow","max-snippet":"max-snippet:-1","max-image-preview":"max-image-preview:large","max-video-preview":"max-video-preview:-1"},"canonical":"https:\/\/grupoican.com.br\/fr\/o-sistema-de-gestao-de-sua-empresa-tem-mais-de-10-anos\/","og_locale":"fr_FR","og_type":"article","og_title":"O Sistema de Gest\u00e3o de sua empresa tem mais de 10 anos?","og_description":"Eu venho acompanhando a evolu\u00e7\u00e3o da gest\u00e3o das empresas e desejo compartilhar com voc\u00eas algumas considera\u00e7\u00f5es sobre os impactos quando um Sistema de Gest\u00e3o tem mais de 10 anos de implanta\u00e7\u00e3o. Vamos l\u00e1? Desde 1994, comecei a minha trajet\u00f3ria de desenhar Modelos de Gest\u00e3o e Sistemas de Gest\u00e3o Integrados, baseados em requisitos de normas internacionais,&hellip;&nbsp;Read More &raquo;O Sistema de Gest\u00e3o de sua empresa tem mais de 10 anos?","og_url":"https:\/\/grupoican.com.br\/fr\/o-sistema-de-gestao-de-sua-empresa-tem-mais-de-10-anos\/","og_site_name":"GrupoIcan","article_published_time":"2022-03-14T02:25:35+00:00","article_modified_time":"2022-06-20T14:53:04+00:00","og_image":[{"width":2560,"height":1708,"url":"http:\/\/grupoican.com.br\/wp-content\/uploads\/2022\/03\/30-calendario-scaled.jpeg","type":"image\/jpeg"}],"author":"Tereza Soares","twitter_card":"summary_large_image","twitter_misc":{"\u00c9crit par":"Tereza Soares","Dur\u00e9e de lecture estim\u00e9e":"3 minutes"},"schema":{"@context":"https:\/\/schema.org","@graph":[{"@type":"Article","@id":"https:\/\/grupoican.com.br\/o-sistema-de-gestao-de-sua-empresa-tem-mais-de-10-anos\/#article","isPartOf":{"@id":"https:\/\/grupoican.com.br\/o-sistema-de-gestao-de-sua-empresa-tem-mais-de-10-anos\/"},"author":{"name":"Tereza Soares","@id":"https:\/\/grupoican.com.br\/#\/schema\/person\/41732943ab209853dcb7011960ae7f5f"},"headline":"O Sistema de Gest\u00e3o de sua empresa tem mais de 10 anos?","datePublished":"2022-03-14T02:25:35+00:00","dateModified":"2022-06-20T14:53:04+00:00","mainEntityOfPage":{"@id":"https:\/\/grupoican.com.br\/o-sistema-de-gestao-de-sua-empresa-tem-mais-de-10-anos\/"},"wordCount":544,"commentCount":0,"publisher":{"@id":"https:\/\/grupoican.com.br\/#organization"},"image":{"@id":"https:\/\/grupoican.com.br\/o-sistema-de-gestao-de-sua-empresa-tem-mais-de-10-anos\/#primaryimage"},"thumbnailUrl":"https:\/\/grupoican.com.br\/wp-content\/uploads\/2022\/03\/30-calendario-scaled.jpeg","articleSection":["Sem categoria"],"inLanguage":"fr-FR","potentialAction":[{"@type":"CommentAction","name":"Comment","target":["https:\/\/grupoican.com.br\/o-sistema-de-gestao-de-sua-empresa-tem-mais-de-10-anos\/#respond"]}]},{"@type":"WebPage","@id":"https:\/\/grupoican.com.br\/o-sistema-de-gestao-de-sua-empresa-tem-mais-de-10-anos\/","url":"https:\/\/grupoican.com.br\/o-sistema-de-gestao-de-sua-empresa-tem-mais-de-10-anos\/","name":"O Sistema de Gest\u00e3o de sua empresa tem mais de 10 anos? - GrupoIcan","isPartOf":{"@id":"https:\/\/grupoican.com.br\/#website"},"primaryImageOfPage":{"@id":"https:\/\/grupoican.com.br\/o-sistema-de-gestao-de-sua-empresa-tem-mais-de-10-anos\/#primaryimage"},"image":{"@id":"https:\/\/grupoican.com.br\/o-sistema-de-gestao-de-sua-empresa-tem-mais-de-10-anos\/#primaryimage"},"thumbnailUrl":"https:\/\/grupoican.com.br\/wp-content\/uploads\/2022\/03\/30-calendario-scaled.jpeg","datePublished":"2022-03-14T02:25:35+00:00","dateModified":"2022-06-20T14:53:04+00:00","breadcrumb":{"@id":"https:\/\/grupoican.com.br\/o-sistema-de-gestao-de-sua-empresa-tem-mais-de-10-anos\/#breadcrumb"},"inLanguage":"fr-FR","potentialAction":[{"@type":"ReadAction","target":["https:\/\/grupoican.com.br\/o-sistema-de-gestao-de-sua-empresa-tem-mais-de-10-anos\/"]}]},{"@type":"ImageObject","inLanguage":"fr-FR","@id":"https:\/\/grupoican.com.br\/o-sistema-de-gestao-de-sua-empresa-tem-mais-de-10-anos\/#primaryimage","url":"https:\/\/grupoican.com.br\/wp-content\/uploads\/2022\/03\/30-calendario-scaled.jpeg","contentUrl":"https:\/\/grupoican.com.br\/wp-content\/uploads\/2022\/03\/30-calendario-scaled.jpeg","width":2560,"height":1708},{"@type":"BreadcrumbList","@id":"https:\/\/grupoican.com.br\/o-sistema-de-gestao-de-sua-empresa-tem-mais-de-10-anos\/#breadcrumb","itemListElement":[{"@type":"ListItem","position":1,"name":"In\u00edcio","item":"https:\/\/grupoican.com.br\/"},{"@type":"ListItem","position":2,"name":"O Sistema de Gest\u00e3o de sua empresa tem mais de 10 anos?"}]},{"@type":"WebSite","@id":"https:\/\/grupoican.com.br\/#website","url":"https:\/\/grupoican.com.br\/","name":"GrupoIcan","description":"Consultoria especializada em gest\u00e3o empresarial e \u00e1rea de petr\u00f3leo e g\u00e1s.","publisher":{"@id":"https:\/\/grupoican.com.br\/#organization"},"potentialAction":[{"@type":"SearchAction","target":{"@type":"EntryPoint","urlTemplate":"https:\/\/grupoican.com.br\/?s={search_term_string}"},"query-input":{"@type":"PropertyValueSpecification","valueRequired":true,"valueName":"search_term_string"}}],"inLanguage":"fr-FR"},{"@type":"Organization","@id":"https:\/\/grupoican.com.br\/#organization","name":"GrupoIcan","url":"https:\/\/grupoican.com.br\/","logo":{"@type":"ImageObject","inLanguage":"fr-FR","@id":"https:\/\/grupoican.com.br\/#\/schema\/logo\/image\/","url":"https:\/\/grupoican.com.br\/wp-content\/uploads\/2021\/09\/logo-icanbe.png","contentUrl":"https:\/\/grupoican.com.br\/wp-content\/uploads\/2021\/09\/logo-icanbe.png","width":1855,"height":1573,"caption":"GrupoIcan"},"image":{"@id":"https:\/\/grupoican.com.br\/#\/schema\/logo\/image\/"}},{"@type":"Person","@id":"https:\/\/grupoican.com.br\/#\/schema\/person\/41732943ab209853dcb7011960ae7f5f","name":"Tereza Soares","image":{"@type":"ImageObject","inLanguage":"fr-FR","@id":"https:\/\/grupoican.com.br\/#\/schema\/person\/image\/","url":"https:\/\/secure.gravatar.com\/avatar\/50ad5d5b2fe34a727c07e8fbb050374b736ca78e93e3d5a80b9c79b91800a774?s=96&d=mm&r=g","contentUrl":"https:\/\/secure.gravatar.com\/avatar\/50ad5d5b2fe34a727c07e8fbb050374b736ca78e93e3d5a80b9c79b91800a774?s=96&d=mm&r=g","caption":"Tereza Soares"},"url":"https:\/\/grupoican.com.br\/fr\/author\/tereza\/"}]}},"amp_enabled":true,"_links":{"self":[{"href":"https:\/\/grupoican.com.br\/fr\/wp-json\/wp\/v2\/posts\/1088","targetHints":{"allow":["GET"]}}],"collection":[{"href":"https:\/\/grupoican.com.br\/fr\/wp-json\/wp\/v2\/posts"}],"about":[{"href":"https:\/\/grupoican.com.br\/fr\/wp-json\/wp\/v2\/types\/post"}],"author":[{"embeddable":true,"href":"https:\/\/grupoican.com.br\/fr\/wp-json\/wp\/v2\/users\/2"}],"replies":[{"embeddable":true,"href":"https:\/\/grupoican.com.br\/fr\/wp-json\/wp\/v2\/comments?post=1088"}],"version-history":[{"count":0,"href":"https:\/\/grupoican.com.br\/fr\/wp-json\/wp\/v2\/posts\/1088\/revisions"}],"wp:featuredmedia":[{"embeddable":true,"href":"https:\/\/grupoican.com.br\/fr\/wp-json\/wp\/v2\/media\/1701"}],"wp:attachment":[{"href":"https:\/\/grupoican.com.br\/fr\/wp-json\/wp\/v2\/media?parent=1088"}],"wp:term":[{"taxonomy":"category","embeddable":true,"href":"https:\/\/grupoican.com.br\/fr\/wp-json\/wp\/v2\/categories?post=1088"},{"taxonomy":"post_tag","embeddable":true,"href":"https:\/\/grupoican.com.br\/fr\/wp-json\/wp\/v2\/tags?post=1088"}],"curies":[{"name":"wp","href":"https:\/\/api.w.org\/{rel}","templated":true}]}}