{"id":15433,"date":"2025-02-14T12:07:18","date_gmt":"2025-02-14T15:07:18","guid":{"rendered":"https:\/\/grupoican.com.br\/?p=15433"},"modified":"2025-02-14T12:51:40","modified_gmt":"2025-02-14T15:51:40","slug":"qual-o-potencial-da-margem-equatorial","status":"publish","type":"post","link":"https:\/\/grupoican.com.br\/fr\/qual-o-potencial-da-margem-equatorial\/","title":{"rendered":"Qual o potencial da Margem Equatorial?"},"content":{"rendered":"<p>A Margem Equatorial brasileira desponta como uma das regi\u00f5es mais promissoras do mundo para a explora\u00e7\u00e3o de petr\u00f3leo e g\u00e1s. Composta por cinco bacias sedimentares ao longo da costa norte do Brasil \u2014 Foz do Amazonas, Par\u00e1-Maranh\u00e3o, Barreirinhas, Cear\u00e1 e Potiguar \u2014 essa regi\u00e3o tem atra\u00eddo grande interesse da ind\u00fastria de energia devido \u00e0s semelhan\u00e7as geol\u00f3gicas com \u00e1reas altamente produtivas da costa africana, como Guiana e Suriname.<\/p>\n\n\n\n<h2 class=\"wp-block-heading\" id=\"h-reservas-estimadas-na-margem-equatorial\">Reservas estimadas na Margem Equatorial<\/h2>\n\n\n\n<p>Os estudos s\u00edsmicos e os dados de explora\u00e7\u00e3o indicam que a Margem Equatorial pode conter entre <strong>10 e 30 bilh\u00f5es de barris de petr\u00f3leo recuper\u00e1veis<\/strong>. Para efeito de compara\u00e7\u00e3o, essa quantidade se aproxima das reservas do pr\u00e9-sal brasileiro, que revolucionou a ind\u00fastria de petr\u00f3leo no pa\u00eds.<\/p>\n\n\n\n<p>O levantamento mais otimista vem da Petrobras, que aposta que a regi\u00e3o pode superar as expectativas iniciais, especialmente ap\u00f3s as descobertas recentes em \u00e1guas profundas da Guiana, onde a ExxonMobil identificou um dos campos mais produtivos da d\u00e9cada.<\/p>\n\n\n\n<h2 class=\"wp-block-heading\" id=\"h-potencial-economico-e-impacto-para-o-brasil\">Potencial econ\u00f4mico e impacto para o Brasil<\/h2>\n\n\n\n<p>Se confirmadas as reservas estimadas, a Margem Equatorial pode se tornar um dos principais motores da economia brasileira nas pr\u00f3ximas d\u00e9cadas. Isso significaria:<\/p>\n\n\n\n<ul class=\"wp-block-list\">\n<li><strong>Atra\u00e7\u00e3o de investimentos bilion\u00e1rios<\/strong> em explora\u00e7\u00e3o e infraestrutura;<\/li>\n\n\n\n<li><strong>Gera\u00e7\u00e3o de milhares de empregos diretos e indiretos<\/strong>;<\/li>\n\n\n\n<li><strong>Aumento significativo da produ\u00e7\u00e3o nacional de petr\u00f3leo<\/strong>, reduzindo depend\u00eancia de importa\u00e7\u00e3o;<\/li>\n\n\n\n<li><strong>Impacto positivo na balan\u00e7a comercial brasileira<\/strong> com maior exporta\u00e7\u00e3o de combust\u00edveis.<\/li>\n<\/ul>\n\n\n\n<h2 class=\"wp-block-heading\" id=\"h-desafios-para-exploracao\">Desafios para explora\u00e7\u00e3o<\/h2>\n\n\n\n<p>Apesar do potencial, a explora\u00e7\u00e3o da Margem Equatorial enfrenta desafios t\u00e9cnicos e ambientais. A regi\u00e3o abriga ecossistemas sens\u00edveis, como recifes de corais e a foz do rio Amazonas, o que gera preocupa\u00e7\u00e3o por parte de ambientalistas.<\/p>\n\n\n\n<p>Al\u00e9m disso, as licen\u00e7as ambientais para perfura\u00e7\u00e3o t\u00eam sido alvo de disputas pol\u00edticas e judiciais, atrasando o in\u00edcio das opera\u00e7\u00f5es. Entretanto, as grandes petroleiras, incluindo a Petrobras, continuam investindo em tecnologias para uma explora\u00e7\u00e3o segura e sustent\u00e1vel.<\/p>\n\n\n\n<p>A Margem Equatorial pode ser o pr\u00f3ximo grande polo petrol\u00edfero do Brasil, com reservas potenciais que podem transformar o cen\u00e1rio energ\u00e9tico nacional. No entanto, o desenvolvimento da regi\u00e3o depender\u00e1 de um equil\u00edbrio entre explora\u00e7\u00e3o econ\u00f4mica e preserva\u00e7\u00e3o ambiental. Caso os desafios sejam superados, o Brasil pode estar diante de uma nova era de prosperidade no setor de petr\u00f3leo e g\u00e1s.<\/p>","protected":false},"excerpt":{"rendered":"<p>A Margem Equatorial brasileira desponta como uma das regi\u00f5es mais promissoras do mundo para a explora\u00e7\u00e3o de petr\u00f3leo e g\u00e1s. Composta por cinco bacias sedimentares ao longo da costa norte do Brasil \u2014 Foz do Amazonas, Par\u00e1-Maranh\u00e3o, Barreirinhas, Cear\u00e1 e Potiguar \u2014 essa regi\u00e3o tem atra\u00eddo grande interesse da ind\u00fastria de energia devido \u00e0s semelhan\u00e7as&hellip;&nbsp;<a href=\"https:\/\/grupoican.com.br\/fr\/qual-o-potencial-da-margem-equatorial\/\" rel=\"bookmark\">Read More &raquo;<span class=\"screen-reader-text\">Qual o potencial da Margem Equatorial?<\/span><\/a><\/p>","protected":false},"author":1,"featured_media":15431,"comment_status":"open","ping_status":"closed","sticky":false,"template":"","format":"standard","meta":{"neve_meta_sidebar":"","neve_meta_container":"","neve_meta_enable_content_width":"","neve_meta_content_width":0,"neve_meta_title_alignment":"","neve_meta_author_avatar":"","neve_post_elements_order":"","neve_meta_disable_header":"","neve_meta_disable_footer":"","neve_meta_disable_title":"","neve_meta_reading_time":"","_joinchat":[],"footnotes":""},"categories":[3166],"tags":[],"class_list":["post-15433","post","type-post","status-publish","format-standard","has-post-thumbnail","hentry","category-perguntas-frequentes"],"yoast_head":"<!-- This site is optimized with the Yoast SEO Premium plugin v22.5 (Yoast SEO v24.5) - https:\/\/yoast.com\/wordpress\/plugins\/seo\/ -->\n<title>Qual o potencial da Margem Equatorial? - GrupoIcan<\/title>\n<meta name=\"robots\" content=\"index, follow, max-snippet:-1, max-image-preview:large, max-video-preview:-1\" \/>\n<link rel=\"canonical\" href=\"https:\/\/grupoican.com.br\/fr\/qual-o-potencial-da-margem-equatorial\/\" \/>\n<meta property=\"og:locale\" content=\"fr_FR\" \/>\n<meta property=\"og:type\" content=\"article\" \/>\n<meta property=\"og:title\" content=\"Qual o potencial da Margem Equatorial?\" \/>\n<meta property=\"og:description\" content=\"A Margem Equatorial brasileira desponta como uma das regi\u00f5es mais promissoras do mundo para a explora\u00e7\u00e3o de petr\u00f3leo e g\u00e1s. Composta por cinco bacias sedimentares ao longo da costa norte do Brasil \u2014 Foz do Amazonas, Par\u00e1-Maranh\u00e3o, Barreirinhas, Cear\u00e1 e Potiguar \u2014 essa regi\u00e3o tem atra\u00eddo grande interesse da ind\u00fastria de energia devido \u00e0s semelhan\u00e7as&hellip;&nbsp;Read More &raquo;Qual o potencial da Margem Equatorial?\" \/>\n<meta property=\"og:url\" content=\"https:\/\/grupoican.com.br\/fr\/qual-o-potencial-da-margem-equatorial\/\" \/>\n<meta property=\"og:site_name\" content=\"GrupoIcan\" \/>\n<meta property=\"article:published_time\" content=\"2025-02-14T15:07:18+00:00\" \/>\n<meta property=\"article:modified_time\" content=\"2025-02-14T15:51:40+00:00\" \/>\n<meta property=\"og:image\" content=\"https:\/\/grupoican.com.br\/wp-content\/uploads\/2025\/02\/petrobras-margem-equatorial-mapa-interno1.jpg\" \/>\n\t<meta property=\"og:image:width\" content=\"1920\" \/>\n\t<meta property=\"og:image:height\" content=\"1080\" \/>\n\t<meta property=\"og:image:type\" content=\"image\/jpeg\" \/>\n<meta name=\"author\" content=\"Admin\" \/>\n<meta name=\"twitter:card\" content=\"summary_large_image\" \/>\n<meta name=\"twitter:label1\" content=\"\u00c9crit par\" \/>\n\t<meta name=\"twitter:data1\" content=\"Admin\" \/>\n\t<meta name=\"twitter:label2\" content=\"Dur\u00e9e de lecture estim\u00e9e\" \/>\n\t<meta name=\"twitter:data2\" content=\"3 minutes\" \/>\n<script type=\"application\/ld+json\" class=\"yoast-schema-graph\">{\"@context\":\"https:\/\/schema.org\",\"@graph\":[{\"@type\":\"Article\",\"@id\":\"https:\/\/grupoican.com.br\/qual-o-potencial-da-margem-equatorial\/#article\",\"isPartOf\":{\"@id\":\"https:\/\/grupoican.com.br\/qual-o-potencial-da-margem-equatorial\/\"},\"author\":{\"name\":\"Admin\",\"@id\":\"https:\/\/grupoican.com.br\/#\/schema\/person\/f88a9177f15ebafd5a3fe8308c8cde83\"},\"headline\":\"Qual o potencial da Margem Equatorial?\",\"datePublished\":\"2025-02-14T15:07:18+00:00\",\"dateModified\":\"2025-02-14T15:51:40+00:00\",\"mainEntityOfPage\":{\"@id\":\"https:\/\/grupoican.com.br\/qual-o-potencial-da-margem-equatorial\/\"},\"wordCount\":426,\"commentCount\":0,\"publisher\":{\"@id\":\"https:\/\/grupoican.com.br\/#organization\"},\"image\":{\"@id\":\"https:\/\/grupoican.com.br\/qual-o-potencial-da-margem-equatorial\/#primaryimage\"},\"thumbnailUrl\":\"https:\/\/grupoican.com.br\/wp-content\/uploads\/2025\/02\/petrobras-margem-equatorial-mapa-interno1.jpg\",\"articleSection\":[\"Perguntas-Frequentes\"],\"inLanguage\":\"fr-FR\",\"potentialAction\":[{\"@type\":\"CommentAction\",\"name\":\"Comment\",\"target\":[\"https:\/\/grupoican.com.br\/qual-o-potencial-da-margem-equatorial\/#respond\"]}]},{\"@type\":\"WebPage\",\"@id\":\"https:\/\/grupoican.com.br\/qual-o-potencial-da-margem-equatorial\/\",\"url\":\"https:\/\/grupoican.com.br\/qual-o-potencial-da-margem-equatorial\/\",\"name\":\"Qual o potencial da Margem Equatorial? - GrupoIcan\",\"isPartOf\":{\"@id\":\"https:\/\/grupoican.com.br\/#website\"},\"primaryImageOfPage\":{\"@id\":\"https:\/\/grupoican.com.br\/qual-o-potencial-da-margem-equatorial\/#primaryimage\"},\"image\":{\"@id\":\"https:\/\/grupoican.com.br\/qual-o-potencial-da-margem-equatorial\/#primaryimage\"},\"thumbnailUrl\":\"https:\/\/grupoican.com.br\/wp-content\/uploads\/2025\/02\/petrobras-margem-equatorial-mapa-interno1.jpg\",\"datePublished\":\"2025-02-14T15:07:18+00:00\",\"dateModified\":\"2025-02-14T15:51:40+00:00\",\"breadcrumb\":{\"@id\":\"https:\/\/grupoican.com.br\/qual-o-potencial-da-margem-equatorial\/#breadcrumb\"},\"inLanguage\":\"fr-FR\",\"potentialAction\":[{\"@type\":\"ReadAction\",\"target\":[\"https:\/\/grupoican.com.br\/qual-o-potencial-da-margem-equatorial\/\"]}]},{\"@type\":\"ImageObject\",\"inLanguage\":\"fr-FR\",\"@id\":\"https:\/\/grupoican.com.br\/qual-o-potencial-da-margem-equatorial\/#primaryimage\",\"url\":\"https:\/\/grupoican.com.br\/wp-content\/uploads\/2025\/02\/petrobras-margem-equatorial-mapa-interno1.jpg\",\"contentUrl\":\"https:\/\/grupoican.com.br\/wp-content\/uploads\/2025\/02\/petrobras-margem-equatorial-mapa-interno1.jpg\",\"width\":1920,\"height\":1080},{\"@type\":\"BreadcrumbList\",\"@id\":\"https:\/\/grupoican.com.br\/qual-o-potencial-da-margem-equatorial\/#breadcrumb\",\"itemListElement\":[{\"@type\":\"ListItem\",\"position\":1,\"name\":\"In\u00edcio\",\"item\":\"https:\/\/grupoican.com.br\/\"},{\"@type\":\"ListItem\",\"position\":2,\"name\":\"Qual o potencial da Margem Equatorial?\"}]},{\"@type\":\"WebSite\",\"@id\":\"https:\/\/grupoican.com.br\/#website\",\"url\":\"https:\/\/grupoican.com.br\/\",\"name\":\"GrupoIcan\",\"description\":\"Consultoria especializada em gest\u00e3o empresarial e \u00e1rea de petr\u00f3leo e g\u00e1s.\",\"publisher\":{\"@id\":\"https:\/\/grupoican.com.br\/#organization\"},\"potentialAction\":[{\"@type\":\"SearchAction\",\"target\":{\"@type\":\"EntryPoint\",\"urlTemplate\":\"https:\/\/grupoican.com.br\/?s={search_term_string}\"},\"query-input\":{\"@type\":\"PropertyValueSpecification\",\"valueRequired\":true,\"valueName\":\"search_term_string\"}}],\"inLanguage\":\"fr-FR\"},{\"@type\":\"Organization\",\"@id\":\"https:\/\/grupoican.com.br\/#organization\",\"name\":\"GrupoIcan\",\"url\":\"https:\/\/grupoican.com.br\/\",\"logo\":{\"@type\":\"ImageObject\",\"inLanguage\":\"fr-FR\",\"@id\":\"https:\/\/grupoican.com.br\/#\/schema\/logo\/image\/\",\"url\":\"https:\/\/grupoican.com.br\/wp-content\/uploads\/2021\/09\/logo-icanbe.png\",\"contentUrl\":\"https:\/\/grupoican.com.br\/wp-content\/uploads\/2021\/09\/logo-icanbe.png\",\"width\":1855,\"height\":1573,\"caption\":\"GrupoIcan\"},\"image\":{\"@id\":\"https:\/\/grupoican.com.br\/#\/schema\/logo\/image\/\"}},{\"@type\":\"Person\",\"@id\":\"https:\/\/grupoican.com.br\/#\/schema\/person\/f88a9177f15ebafd5a3fe8308c8cde83\",\"name\":\"Admin\",\"image\":{\"@type\":\"ImageObject\",\"inLanguage\":\"fr-FR\",\"@id\":\"https:\/\/grupoican.com.br\/#\/schema\/person\/image\/\",\"url\":\"https:\/\/secure.gravatar.com\/avatar\/69947cc14238bc906a53010b047a4ad9ff20eacca93f5c5f6f0efd85a7a249aa?s=96&d=mm&r=g\",\"contentUrl\":\"https:\/\/secure.gravatar.com\/avatar\/69947cc14238bc906a53010b047a4ad9ff20eacca93f5c5f6f0efd85a7a249aa?s=96&d=mm&r=g\",\"caption\":\"Admin\"},\"sameAs\":[\"http:\/\/grupoican.com.br\"],\"url\":\"https:\/\/grupoican.com.br\/fr\/author\/admin\/\"}]}<\/script>\n<!-- \/ Yoast SEO Premium plugin. -->","yoast_head_json":{"title":"Qual o potencial da Margem Equatorial? - GrupoIcan","robots":{"index":"index","follow":"follow","max-snippet":"max-snippet:-1","max-image-preview":"max-image-preview:large","max-video-preview":"max-video-preview:-1"},"canonical":"https:\/\/grupoican.com.br\/fr\/qual-o-potencial-da-margem-equatorial\/","og_locale":"fr_FR","og_type":"article","og_title":"Qual o potencial da Margem Equatorial?","og_description":"A Margem Equatorial brasileira desponta como uma das regi\u00f5es mais promissoras do mundo para a explora\u00e7\u00e3o de petr\u00f3leo e g\u00e1s. Composta por cinco bacias sedimentares ao longo da costa norte do Brasil \u2014 Foz do Amazonas, Par\u00e1-Maranh\u00e3o, Barreirinhas, Cear\u00e1 e Potiguar \u2014 essa regi\u00e3o tem atra\u00eddo grande interesse da ind\u00fastria de energia devido \u00e0s semelhan\u00e7as&hellip;&nbsp;Read More &raquo;Qual o potencial da Margem Equatorial?","og_url":"https:\/\/grupoican.com.br\/fr\/qual-o-potencial-da-margem-equatorial\/","og_site_name":"GrupoIcan","article_published_time":"2025-02-14T15:07:18+00:00","article_modified_time":"2025-02-14T15:51:40+00:00","og_image":[{"width":1920,"height":1080,"url":"https:\/\/grupoican.com.br\/wp-content\/uploads\/2025\/02\/petrobras-margem-equatorial-mapa-interno1.jpg","type":"image\/jpeg"}],"author":"Admin","twitter_card":"summary_large_image","twitter_misc":{"\u00c9crit par":"Admin","Dur\u00e9e de lecture estim\u00e9e":"3 minutes"},"schema":{"@context":"https:\/\/schema.org","@graph":[{"@type":"Article","@id":"https:\/\/grupoican.com.br\/qual-o-potencial-da-margem-equatorial\/#article","isPartOf":{"@id":"https:\/\/grupoican.com.br\/qual-o-potencial-da-margem-equatorial\/"},"author":{"name":"Admin","@id":"https:\/\/grupoican.com.br\/#\/schema\/person\/f88a9177f15ebafd5a3fe8308c8cde83"},"headline":"Qual o potencial da Margem Equatorial?","datePublished":"2025-02-14T15:07:18+00:00","dateModified":"2025-02-14T15:51:40+00:00","mainEntityOfPage":{"@id":"https:\/\/grupoican.com.br\/qual-o-potencial-da-margem-equatorial\/"},"wordCount":426,"commentCount":0,"publisher":{"@id":"https:\/\/grupoican.com.br\/#organization"},"image":{"@id":"https:\/\/grupoican.com.br\/qual-o-potencial-da-margem-equatorial\/#primaryimage"},"thumbnailUrl":"https:\/\/grupoican.com.br\/wp-content\/uploads\/2025\/02\/petrobras-margem-equatorial-mapa-interno1.jpg","articleSection":["Perguntas-Frequentes"],"inLanguage":"fr-FR","potentialAction":[{"@type":"CommentAction","name":"Comment","target":["https:\/\/grupoican.com.br\/qual-o-potencial-da-margem-equatorial\/#respond"]}]},{"@type":"WebPage","@id":"https:\/\/grupoican.com.br\/qual-o-potencial-da-margem-equatorial\/","url":"https:\/\/grupoican.com.br\/qual-o-potencial-da-margem-equatorial\/","name":"Qual o potencial da Margem Equatorial? - GrupoIcan","isPartOf":{"@id":"https:\/\/grupoican.com.br\/#website"},"primaryImageOfPage":{"@id":"https:\/\/grupoican.com.br\/qual-o-potencial-da-margem-equatorial\/#primaryimage"},"image":{"@id":"https:\/\/grupoican.com.br\/qual-o-potencial-da-margem-equatorial\/#primaryimage"},"thumbnailUrl":"https:\/\/grupoican.com.br\/wp-content\/uploads\/2025\/02\/petrobras-margem-equatorial-mapa-interno1.jpg","datePublished":"2025-02-14T15:07:18+00:00","dateModified":"2025-02-14T15:51:40+00:00","breadcrumb":{"@id":"https:\/\/grupoican.com.br\/qual-o-potencial-da-margem-equatorial\/#breadcrumb"},"inLanguage":"fr-FR","potentialAction":[{"@type":"ReadAction","target":["https:\/\/grupoican.com.br\/qual-o-potencial-da-margem-equatorial\/"]}]},{"@type":"ImageObject","inLanguage":"fr-FR","@id":"https:\/\/grupoican.com.br\/qual-o-potencial-da-margem-equatorial\/#primaryimage","url":"https:\/\/grupoican.com.br\/wp-content\/uploads\/2025\/02\/petrobras-margem-equatorial-mapa-interno1.jpg","contentUrl":"https:\/\/grupoican.com.br\/wp-content\/uploads\/2025\/02\/petrobras-margem-equatorial-mapa-interno1.jpg","width":1920,"height":1080},{"@type":"BreadcrumbList","@id":"https:\/\/grupoican.com.br\/qual-o-potencial-da-margem-equatorial\/#breadcrumb","itemListElement":[{"@type":"ListItem","position":1,"name":"In\u00edcio","item":"https:\/\/grupoican.com.br\/"},{"@type":"ListItem","position":2,"name":"Qual o potencial da Margem Equatorial?"}]},{"@type":"WebSite","@id":"https:\/\/grupoican.com.br\/#website","url":"https:\/\/grupoican.com.br\/","name":"GrupoIcan","description":"Consultoria especializada em gest\u00e3o empresarial e \u00e1rea de petr\u00f3leo e g\u00e1s.","publisher":{"@id":"https:\/\/grupoican.com.br\/#organization"},"potentialAction":[{"@type":"SearchAction","target":{"@type":"EntryPoint","urlTemplate":"https:\/\/grupoican.com.br\/?s={search_term_string}"},"query-input":{"@type":"PropertyValueSpecification","valueRequired":true,"valueName":"search_term_string"}}],"inLanguage":"fr-FR"},{"@type":"Organization","@id":"https:\/\/grupoican.com.br\/#organization","name":"GrupoIcan","url":"https:\/\/grupoican.com.br\/","logo":{"@type":"ImageObject","inLanguage":"fr-FR","@id":"https:\/\/grupoican.com.br\/#\/schema\/logo\/image\/","url":"https:\/\/grupoican.com.br\/wp-content\/uploads\/2021\/09\/logo-icanbe.png","contentUrl":"https:\/\/grupoican.com.br\/wp-content\/uploads\/2021\/09\/logo-icanbe.png","width":1855,"height":1573,"caption":"GrupoIcan"},"image":{"@id":"https:\/\/grupoican.com.br\/#\/schema\/logo\/image\/"}},{"@type":"Person","@id":"https:\/\/grupoican.com.br\/#\/schema\/person\/f88a9177f15ebafd5a3fe8308c8cde83","name":"Admin","image":{"@type":"ImageObject","inLanguage":"fr-FR","@id":"https:\/\/grupoican.com.br\/#\/schema\/person\/image\/","url":"https:\/\/secure.gravatar.com\/avatar\/69947cc14238bc906a53010b047a4ad9ff20eacca93f5c5f6f0efd85a7a249aa?s=96&d=mm&r=g","contentUrl":"https:\/\/secure.gravatar.com\/avatar\/69947cc14238bc906a53010b047a4ad9ff20eacca93f5c5f6f0efd85a7a249aa?s=96&d=mm&r=g","caption":"Admin"},"sameAs":["http:\/\/grupoican.com.br"],"url":"https:\/\/grupoican.com.br\/fr\/author\/admin\/"}]}},"amp_enabled":true,"_links":{"self":[{"href":"https:\/\/grupoican.com.br\/fr\/wp-json\/wp\/v2\/posts\/15433","targetHints":{"allow":["GET"]}}],"collection":[{"href":"https:\/\/grupoican.com.br\/fr\/wp-json\/wp\/v2\/posts"}],"about":[{"href":"https:\/\/grupoican.com.br\/fr\/wp-json\/wp\/v2\/types\/post"}],"author":[{"embeddable":true,"href":"https:\/\/grupoican.com.br\/fr\/wp-json\/wp\/v2\/users\/1"}],"replies":[{"embeddable":true,"href":"https:\/\/grupoican.com.br\/fr\/wp-json\/wp\/v2\/comments?post=15433"}],"version-history":[{"count":1,"href":"https:\/\/grupoican.com.br\/fr\/wp-json\/wp\/v2\/posts\/15433\/revisions"}],"predecessor-version":[{"id":15435,"href":"https:\/\/grupoican.com.br\/fr\/wp-json\/wp\/v2\/posts\/15433\/revisions\/15435"}],"wp:featuredmedia":[{"embeddable":true,"href":"https:\/\/grupoican.com.br\/fr\/wp-json\/wp\/v2\/media\/15431"}],"wp:attachment":[{"href":"https:\/\/grupoican.com.br\/fr\/wp-json\/wp\/v2\/media?parent=15433"}],"wp:term":[{"taxonomy":"category","embeddable":true,"href":"https:\/\/grupoican.com.br\/fr\/wp-json\/wp\/v2\/categories?post=15433"},{"taxonomy":"post_tag","embeddable":true,"href":"https:\/\/grupoican.com.br\/fr\/wp-json\/wp\/v2\/tags?post=15433"}],"curies":[{"name":"wp","href":"https:\/\/api.w.org\/{rel}","templated":true}]}}