{"id":1891,"date":"2022-06-24T17:18:38","date_gmt":"2022-06-24T20:18:38","guid":{"rendered":"https:\/\/grupoican.com.br\/?p=1891"},"modified":"2022-09-26T14:37:22","modified_gmt":"2022-09-26T17:37:22","slug":"deu-na-midia","status":"publish","type":"post","link":"https:\/\/grupoican.com.br\/fr\/deu-na-midia\/","title":{"rendered":"Dans les m\u00e9dias\u00a0: le cabinet de conseil ach\u00e8ve l&#039;\u00e9valuation de la gestion des actifs pr\u00e9-salif\u00e8res"},"content":{"rendered":"<h1 class=\"wp-block-heading\" id=\"h-na-midia-consultoria-termina-avaliacao-de-gestao-de-ativos-do-pre-sal\">Dans les m\u00e9dias\u00a0: le cabinet de conseil ach\u00e8ve l&#039;\u00e9valuation de la gestion des actifs pr\u00e9-salif\u00e8res<\/h1>\n\n\n\n<p>Le diagnostic a \u00e9t\u00e9 r\u00e9alis\u00e9 pour la Business Unit du Bassin de Santos.<\/p>\n\n\n\n<p><a href=\"https:\/\/monitormercantil.com.br\/author\/redacao\/\"><\/a><\/p>\n\n\n\n<p>Le cabinet de conseil Grupo I Can a r\u00e9alis\u00e9 l&#039;\u00e9valuation de la gestion des actifs de l&#039;unit\u00e9 commerciale d&#039;exploration et de production du bassin de Santos (UN-BS) de Petrobras. Depuis 2019, UN-BS a commenc\u00e9 \u00e0 mettre en \u0153uvre la gestion des actifs au niveau de l&#039;unit\u00e9, situ\u00e9e dans la couche pr\u00e9-salif\u00e8re, pour comprendre le niveau de maturit\u00e9 de l&#039;organisation et, sur cette base, d\u00e9velopper des actions pour les \u00e9carts identifi\u00e9s.<\/p>\n\n\n\n<p>&quot;Avec ce panorama esquiss\u00e9, il fallait un diagnostic d&#039;\u00e9valuation de la gestion des actifs capable d&#039;identifier le contexte actuel de l&#039;organisation dans l&#039;approche de la gestion des actifs pour savoir si le chemin emprunt\u00e9 par l&#039;UN-BS et l&#039;actif P-69 \u00e9tait align\u00e9 avec les exigences de les mod\u00e8les normatifs NBR ISO 55001 et Paysage \u00bb, explique Tereza Soares, PDG de Grupo I Can et l&#039;un des \u00e9valuateurs du projet de diagnostic.<\/p>\n\n\n\n<p>L&#039;ing\u00e9nieur responsable du projet, Lu\u00eds Aguiar, explique que la r\u00e9alisation de ce type d&#039;\u00e9valuation est importante pour maintenir la comp\u00e9titivit\u00e9 et la rentabilit\u00e9 de l&#039;entreprise, en \u00e9quilibrant les co\u00fbts, les performances et les risques.<\/p>\n\n\n\n<p>&quot;Les gains des techniques de gestion d&#039;actifs vont au-del\u00e0 de l&#039;aspect financier, car elles renforcent la marque, op\u00e8rent dans la durabilit\u00e9, la s\u00e9curit\u00e9, les comp\u00e9tences, les co\u00fbts et dans tous les domaines de l&#039;organisation pour obtenir la plus grande valeur possible pour l&#039;entreprise, de la mani\u00e8re dont ces les actifs sont g\u00e9r\u00e9s \u00bb, souligne l&#039;ing\u00e9nieur, qui poss\u00e8de la certification Cama.<\/p>\n\n\n\n<p>Selon lui, les r\u00e9sultats pr\u00e9sent\u00e9s UN-BS et P-69 ont fourni un haut niveau de d\u00e9tail, agissant comme un facilitateur suppl\u00e9mentaire dans l&#039;\u00e9laboration du plan d&#039;action, ainsi que les prochaines \u00e9tapes \u00e0 franchir par l&#039;organisation.<\/p>\n\n\n\n<p>&quot;De plus, des informations sur la maintenance ont \u00e9t\u00e9 fournies, contenant des informations pr\u00e9cieuses capables de promouvoir une r\u00e9vision de la strat\u00e9gie de planification de la gestion des actifs non seulement de l&#039;UN-BS, mais, par port\u00e9e, de l&#039;ensemble de Petrobras&quot;, ajoute Ricardo Blanco, \u00e9galement \u00e9valuateur. du projet.<\/p>\n\n\n\n<p>En se concentrant principalement sur les entreprises \u00e9nerg\u00e9tiques, dans les domaines du p\u00e9trole, du gaz et des \u00e9nergies renouvelables, le groupe I Can sert \u00e9galement l&#039;ensemble de la cha\u00eene d&#039;approvisionnement des entreprises \u00e9nerg\u00e9tiques, l&#039;industrie de la construction, l&#039;industrie navale et maritime et divers segments du commerce et des services. .<\/p>\n\n\n\n<p>Lien sujet\u00a0:<\/p>\n\n\n\n<p><a href=\"https:\/\/monitormercantil.com.br\/consultoria-termina-avaliacao-de-gestao-de-ativos-do-pre-sal\/\">https:\/\/monitormercantil.com.br\/consultoria-termina-avaliacao-de-gestao-de-ativos-do-pre-sal\/<\/a><\/p>\n\n\n\n<p><a href=\"https:\/\/twitter.com\/sigaomonitor\" target=\"_blank\" rel=\"noreferrer noopener\"><\/a><\/p>","protected":false},"excerpt":{"rendered":"<p>Na m\u00eddia: Consultoria termina avalia\u00e7\u00e3o de gest\u00e3o de ativos do pr\u00e9-sal Diagn\u00f3stico foi feito para a Unidade de Neg\u00f3cios da Bacia de Santos. A consultoria Grupo I Can finalizou a avalia\u00e7\u00e3o de gest\u00e3o de ativos da Unidade de Neg\u00f3cios de Explora\u00e7\u00e3o e Produ\u00e7\u00e3o da Bacia de Santos (UN-BS), da Petrobras. Desde 2019, a UN-BS come\u00e7ou&hellip;&nbsp;<a href=\"https:\/\/grupoican.com.br\/fr\/deu-na-midia\/\" rel=\"bookmark\">Read More &raquo;<span class=\"screen-reader-text\">Dans les m\u00e9dias\u00a0: le cabinet de conseil ach\u00e8ve l&#039;\u00e9valuation de la gestion des actifs pr\u00e9-salif\u00e8res<\/span><\/a><\/p>","protected":false},"author":1,"featured_media":1894,"comment_status":"open","ping_status":"open","sticky":false,"template":"","format":"standard","meta":{"neve_meta_sidebar":"","neve_meta_container":"","neve_meta_enable_content_width":"","neve_meta_content_width":0,"neve_meta_title_alignment":"","neve_meta_author_avatar":"","neve_post_elements_order":"","neve_meta_disable_header":"","neve_meta_disable_footer":"","neve_meta_disable_title":"","neve_meta_reading_time":"","_joinchat":[],"footnotes":""},"categories":[1208],"tags":[],"class_list":["post-1891","post","type-post","status-publish","format-standard","has-post-thumbnail","hentry","category-blog"],"yoast_head":"<!-- This site is optimized with the Yoast SEO Premium plugin v22.5 (Yoast SEO v24.5) - https:\/\/yoast.com\/wordpress\/plugins\/seo\/ -->\n<title>Na m\u00eddia: Consultoria termina avalia\u00e7\u00e3o de gest\u00e3o de ativos do pr\u00e9-sal - GrupoIcan<\/title>\n<meta name=\"robots\" content=\"index, follow, max-snippet:-1, max-image-preview:large, max-video-preview:-1\" \/>\n<link rel=\"canonical\" href=\"https:\/\/grupoican.com.br\/fr\/deu-na-midia\/\" \/>\n<meta property=\"og:locale\" content=\"fr_FR\" \/>\n<meta property=\"og:type\" content=\"article\" \/>\n<meta property=\"og:title\" content=\"Na m\u00eddia: Consultoria termina avalia\u00e7\u00e3o de gest\u00e3o de ativos do pr\u00e9-sal\" \/>\n<meta property=\"og:description\" content=\"Na m\u00eddia: Consultoria termina avalia\u00e7\u00e3o de gest\u00e3o de ativos do pr\u00e9-sal Diagn\u00f3stico foi feito para a Unidade de Neg\u00f3cios da Bacia de Santos. A consultoria Grupo I Can finalizou a avalia\u00e7\u00e3o de gest\u00e3o de ativos da Unidade de Neg\u00f3cios de Explora\u00e7\u00e3o e Produ\u00e7\u00e3o da Bacia de Santos (UN-BS), da Petrobras. Desde 2019, a UN-BS come\u00e7ou&hellip;&nbsp;Read More &raquo;Na m\u00eddia: Consultoria termina avalia\u00e7\u00e3o de gest\u00e3o de ativos do pr\u00e9-sal\" \/>\n<meta property=\"og:url\" content=\"https:\/\/grupoican.com.br\/fr\/deu-na-midia\/\" \/>\n<meta property=\"og:site_name\" content=\"GrupoIcan\" \/>\n<meta property=\"article:published_time\" content=\"2022-06-24T20:18:38+00:00\" \/>\n<meta property=\"article:modified_time\" content=\"2022-09-26T17:37:22+00:00\" \/>\n<meta property=\"og:image\" content=\"https:\/\/grupoican.com.br\/wp-content\/uploads\/2022\/06\/79388870_ECPlataforma-P-74-no-campo-de-Buzios-no-pre-sal-da-Bacia-de-Santos-Foto-Andre-Ribeiro.jpg\" \/>\n\t<meta property=\"og:image:width\" content=\"1265\" \/>\n\t<meta property=\"og:image:height\" content=\"760\" \/>\n\t<meta property=\"og:image:type\" content=\"image\/jpeg\" \/>\n<meta name=\"author\" content=\"Admin\" \/>\n<meta name=\"twitter:card\" content=\"summary_large_image\" \/>\n<meta name=\"twitter:label1\" content=\"\u00c9crit par\" \/>\n\t<meta name=\"twitter:data1\" content=\"Admin\" \/>\n\t<meta name=\"twitter:label2\" content=\"Dur\u00e9e de lecture estim\u00e9e\" \/>\n\t<meta name=\"twitter:data2\" content=\"3 minutes\" \/>\n<script type=\"application\/ld+json\" class=\"yoast-schema-graph\">{\"@context\":\"https:\/\/schema.org\",\"@graph\":[{\"@type\":\"Article\",\"@id\":\"https:\/\/grupoican.com.br\/deu-na-midia\/#article\",\"isPartOf\":{\"@id\":\"https:\/\/grupoican.com.br\/deu-na-midia\/\"},\"author\":{\"name\":\"Admin\",\"@id\":\"https:\/\/grupoican.com.br\/#\/schema\/person\/f88a9177f15ebafd5a3fe8308c8cde83\"},\"headline\":\"Na m\u00eddia: Consultoria termina avalia\u00e7\u00e3o de gest\u00e3o de ativos do pr\u00e9-sal\",\"datePublished\":\"2022-06-24T20:18:38+00:00\",\"dateModified\":\"2022-09-26T17:37:22+00:00\",\"mainEntityOfPage\":{\"@id\":\"https:\/\/grupoican.com.br\/deu-na-midia\/\"},\"wordCount\":455,\"commentCount\":0,\"publisher\":{\"@id\":\"https:\/\/grupoican.com.br\/#organization\"},\"image\":{\"@id\":\"https:\/\/grupoican.com.br\/deu-na-midia\/#primaryimage\"},\"thumbnailUrl\":\"https:\/\/grupoican.com.br\/wp-content\/uploads\/2022\/06\/79388870_ECPlataforma-P-74-no-campo-de-Buzios-no-pre-sal-da-Bacia-de-Santos-Foto-Andre-Ribeiro.jpg\",\"articleSection\":[\"Blog\"],\"inLanguage\":\"fr-FR\",\"potentialAction\":[{\"@type\":\"CommentAction\",\"name\":\"Comment\",\"target\":[\"https:\/\/grupoican.com.br\/deu-na-midia\/#respond\"]}]},{\"@type\":\"WebPage\",\"@id\":\"https:\/\/grupoican.com.br\/deu-na-midia\/\",\"url\":\"https:\/\/grupoican.com.br\/deu-na-midia\/\",\"name\":\"Na m\u00eddia: Consultoria termina avalia\u00e7\u00e3o de gest\u00e3o de ativos do pr\u00e9-sal - GrupoIcan\",\"isPartOf\":{\"@id\":\"https:\/\/grupoican.com.br\/#website\"},\"primaryImageOfPage\":{\"@id\":\"https:\/\/grupoican.com.br\/deu-na-midia\/#primaryimage\"},\"image\":{\"@id\":\"https:\/\/grupoican.com.br\/deu-na-midia\/#primaryimage\"},\"thumbnailUrl\":\"https:\/\/grupoican.com.br\/wp-content\/uploads\/2022\/06\/79388870_ECPlataforma-P-74-no-campo-de-Buzios-no-pre-sal-da-Bacia-de-Santos-Foto-Andre-Ribeiro.jpg\",\"datePublished\":\"2022-06-24T20:18:38+00:00\",\"dateModified\":\"2022-09-26T17:37:22+00:00\",\"breadcrumb\":{\"@id\":\"https:\/\/grupoican.com.br\/deu-na-midia\/#breadcrumb\"},\"inLanguage\":\"fr-FR\",\"potentialAction\":[{\"@type\":\"ReadAction\",\"target\":[\"https:\/\/grupoican.com.br\/deu-na-midia\/\"]}]},{\"@type\":\"ImageObject\",\"inLanguage\":\"fr-FR\",\"@id\":\"https:\/\/grupoican.com.br\/deu-na-midia\/#primaryimage\",\"url\":\"https:\/\/grupoican.com.br\/wp-content\/uploads\/2022\/06\/79388870_ECPlataforma-P-74-no-campo-de-Buzios-no-pre-sal-da-Bacia-de-Santos-Foto-Andre-Ribeiro.jpg\",\"contentUrl\":\"https:\/\/grupoican.com.br\/wp-content\/uploads\/2022\/06\/79388870_ECPlataforma-P-74-no-campo-de-Buzios-no-pre-sal-da-Bacia-de-Santos-Foto-Andre-Ribeiro.jpg\",\"width\":1265,\"height\":760},{\"@type\":\"BreadcrumbList\",\"@id\":\"https:\/\/grupoican.com.br\/deu-na-midia\/#breadcrumb\",\"itemListElement\":[{\"@type\":\"ListItem\",\"position\":1,\"name\":\"In\u00edcio\",\"item\":\"https:\/\/grupoican.com.br\/\"},{\"@type\":\"ListItem\",\"position\":2,\"name\":\"Na m\u00eddia: Consultoria termina avalia\u00e7\u00e3o de gest\u00e3o de ativos do pr\u00e9-sal\"}]},{\"@type\":\"WebSite\",\"@id\":\"https:\/\/grupoican.com.br\/#website\",\"url\":\"https:\/\/grupoican.com.br\/\",\"name\":\"GrupoIcan\",\"description\":\"Consultoria especializada em gest\u00e3o empresarial e \u00e1rea de petr\u00f3leo e g\u00e1s.\",\"publisher\":{\"@id\":\"https:\/\/grupoican.com.br\/#organization\"},\"potentialAction\":[{\"@type\":\"SearchAction\",\"target\":{\"@type\":\"EntryPoint\",\"urlTemplate\":\"https:\/\/grupoican.com.br\/?s={search_term_string}\"},\"query-input\":{\"@type\":\"PropertyValueSpecification\",\"valueRequired\":true,\"valueName\":\"search_term_string\"}}],\"inLanguage\":\"fr-FR\"},{\"@type\":\"Organization\",\"@id\":\"https:\/\/grupoican.com.br\/#organization\",\"name\":\"GrupoIcan\",\"url\":\"https:\/\/grupoican.com.br\/\",\"logo\":{\"@type\":\"ImageObject\",\"inLanguage\":\"fr-FR\",\"@id\":\"https:\/\/grupoican.com.br\/#\/schema\/logo\/image\/\",\"url\":\"https:\/\/grupoican.com.br\/wp-content\/uploads\/2021\/09\/logo-icanbe.png\",\"contentUrl\":\"https:\/\/grupoican.com.br\/wp-content\/uploads\/2021\/09\/logo-icanbe.png\",\"width\":1855,\"height\":1573,\"caption\":\"GrupoIcan\"},\"image\":{\"@id\":\"https:\/\/grupoican.com.br\/#\/schema\/logo\/image\/\"}},{\"@type\":\"Person\",\"@id\":\"https:\/\/grupoican.com.br\/#\/schema\/person\/f88a9177f15ebafd5a3fe8308c8cde83\",\"name\":\"Admin\",\"image\":{\"@type\":\"ImageObject\",\"inLanguage\":\"fr-FR\",\"@id\":\"https:\/\/grupoican.com.br\/#\/schema\/person\/image\/\",\"url\":\"https:\/\/secure.gravatar.com\/avatar\/69947cc14238bc906a53010b047a4ad9ff20eacca93f5c5f6f0efd85a7a249aa?s=96&d=mm&r=g\",\"contentUrl\":\"https:\/\/secure.gravatar.com\/avatar\/69947cc14238bc906a53010b047a4ad9ff20eacca93f5c5f6f0efd85a7a249aa?s=96&d=mm&r=g\",\"caption\":\"Admin\"},\"sameAs\":[\"http:\/\/grupoican.com.br\"],\"url\":\"https:\/\/grupoican.com.br\/fr\/author\/admin\/\"}]}<\/script>\n<!-- \/ Yoast SEO Premium plugin. -->","yoast_head_json":{"title":"Na m\u00eddia: Consultoria termina avalia\u00e7\u00e3o de gest\u00e3o de ativos do pr\u00e9-sal - GrupoIcan","robots":{"index":"index","follow":"follow","max-snippet":"max-snippet:-1","max-image-preview":"max-image-preview:large","max-video-preview":"max-video-preview:-1"},"canonical":"https:\/\/grupoican.com.br\/fr\/deu-na-midia\/","og_locale":"fr_FR","og_type":"article","og_title":"Na m\u00eddia: Consultoria termina avalia\u00e7\u00e3o de gest\u00e3o de ativos do pr\u00e9-sal","og_description":"Na m\u00eddia: Consultoria termina avalia\u00e7\u00e3o de gest\u00e3o de ativos do pr\u00e9-sal Diagn\u00f3stico foi feito para a Unidade de Neg\u00f3cios da Bacia de Santos. A consultoria Grupo I Can finalizou a avalia\u00e7\u00e3o de gest\u00e3o de ativos da Unidade de Neg\u00f3cios de Explora\u00e7\u00e3o e Produ\u00e7\u00e3o da Bacia de Santos (UN-BS), da Petrobras. Desde 2019, a UN-BS come\u00e7ou&hellip;&nbsp;Read More &raquo;Na m\u00eddia: Consultoria termina avalia\u00e7\u00e3o de gest\u00e3o de ativos do pr\u00e9-sal","og_url":"https:\/\/grupoican.com.br\/fr\/deu-na-midia\/","og_site_name":"GrupoIcan","article_published_time":"2022-06-24T20:18:38+00:00","article_modified_time":"2022-09-26T17:37:22+00:00","og_image":[{"width":1265,"height":760,"url":"https:\/\/grupoican.com.br\/wp-content\/uploads\/2022\/06\/79388870_ECPlataforma-P-74-no-campo-de-Buzios-no-pre-sal-da-Bacia-de-Santos-Foto-Andre-Ribeiro.jpg","type":"image\/jpeg"}],"author":"Admin","twitter_card":"summary_large_image","twitter_misc":{"\u00c9crit par":"Admin","Dur\u00e9e de lecture estim\u00e9e":"3 minutes"},"schema":{"@context":"https:\/\/schema.org","@graph":[{"@type":"Article","@id":"https:\/\/grupoican.com.br\/deu-na-midia\/#article","isPartOf":{"@id":"https:\/\/grupoican.com.br\/deu-na-midia\/"},"author":{"name":"Admin","@id":"https:\/\/grupoican.com.br\/#\/schema\/person\/f88a9177f15ebafd5a3fe8308c8cde83"},"headline":"Na m\u00eddia: Consultoria termina avalia\u00e7\u00e3o de gest\u00e3o de ativos do pr\u00e9-sal","datePublished":"2022-06-24T20:18:38+00:00","dateModified":"2022-09-26T17:37:22+00:00","mainEntityOfPage":{"@id":"https:\/\/grupoican.com.br\/deu-na-midia\/"},"wordCount":455,"commentCount":0,"publisher":{"@id":"https:\/\/grupoican.com.br\/#organization"},"image":{"@id":"https:\/\/grupoican.com.br\/deu-na-midia\/#primaryimage"},"thumbnailUrl":"https:\/\/grupoican.com.br\/wp-content\/uploads\/2022\/06\/79388870_ECPlataforma-P-74-no-campo-de-Buzios-no-pre-sal-da-Bacia-de-Santos-Foto-Andre-Ribeiro.jpg","articleSection":["Blog"],"inLanguage":"fr-FR","potentialAction":[{"@type":"CommentAction","name":"Comment","target":["https:\/\/grupoican.com.br\/deu-na-midia\/#respond"]}]},{"@type":"WebPage","@id":"https:\/\/grupoican.com.br\/deu-na-midia\/","url":"https:\/\/grupoican.com.br\/deu-na-midia\/","name":"Na m\u00eddia: Consultoria termina avalia\u00e7\u00e3o de gest\u00e3o de ativos do pr\u00e9-sal - GrupoIcan","isPartOf":{"@id":"https:\/\/grupoican.com.br\/#website"},"primaryImageOfPage":{"@id":"https:\/\/grupoican.com.br\/deu-na-midia\/#primaryimage"},"image":{"@id":"https:\/\/grupoican.com.br\/deu-na-midia\/#primaryimage"},"thumbnailUrl":"https:\/\/grupoican.com.br\/wp-content\/uploads\/2022\/06\/79388870_ECPlataforma-P-74-no-campo-de-Buzios-no-pre-sal-da-Bacia-de-Santos-Foto-Andre-Ribeiro.jpg","datePublished":"2022-06-24T20:18:38+00:00","dateModified":"2022-09-26T17:37:22+00:00","breadcrumb":{"@id":"https:\/\/grupoican.com.br\/deu-na-midia\/#breadcrumb"},"inLanguage":"fr-FR","potentialAction":[{"@type":"ReadAction","target":["https:\/\/grupoican.com.br\/deu-na-midia\/"]}]},{"@type":"ImageObject","inLanguage":"fr-FR","@id":"https:\/\/grupoican.com.br\/deu-na-midia\/#primaryimage","url":"https:\/\/grupoican.com.br\/wp-content\/uploads\/2022\/06\/79388870_ECPlataforma-P-74-no-campo-de-Buzios-no-pre-sal-da-Bacia-de-Santos-Foto-Andre-Ribeiro.jpg","contentUrl":"https:\/\/grupoican.com.br\/wp-content\/uploads\/2022\/06\/79388870_ECPlataforma-P-74-no-campo-de-Buzios-no-pre-sal-da-Bacia-de-Santos-Foto-Andre-Ribeiro.jpg","width":1265,"height":760},{"@type":"BreadcrumbList","@id":"https:\/\/grupoican.com.br\/deu-na-midia\/#breadcrumb","itemListElement":[{"@type":"ListItem","position":1,"name":"In\u00edcio","item":"https:\/\/grupoican.com.br\/"},{"@type":"ListItem","position":2,"name":"Na m\u00eddia: Consultoria termina avalia\u00e7\u00e3o de gest\u00e3o de ativos do pr\u00e9-sal"}]},{"@type":"WebSite","@id":"https:\/\/grupoican.com.br\/#website","url":"https:\/\/grupoican.com.br\/","name":"GrupoIcan","description":"Consultoria especializada em gest\u00e3o empresarial e \u00e1rea de petr\u00f3leo e g\u00e1s.","publisher":{"@id":"https:\/\/grupoican.com.br\/#organization"},"potentialAction":[{"@type":"SearchAction","target":{"@type":"EntryPoint","urlTemplate":"https:\/\/grupoican.com.br\/?s={search_term_string}"},"query-input":{"@type":"PropertyValueSpecification","valueRequired":true,"valueName":"search_term_string"}}],"inLanguage":"fr-FR"},{"@type":"Organization","@id":"https:\/\/grupoican.com.br\/#organization","name":"GrupoIcan","url":"https:\/\/grupoican.com.br\/","logo":{"@type":"ImageObject","inLanguage":"fr-FR","@id":"https:\/\/grupoican.com.br\/#\/schema\/logo\/image\/","url":"https:\/\/grupoican.com.br\/wp-content\/uploads\/2021\/09\/logo-icanbe.png","contentUrl":"https:\/\/grupoican.com.br\/wp-content\/uploads\/2021\/09\/logo-icanbe.png","width":1855,"height":1573,"caption":"GrupoIcan"},"image":{"@id":"https:\/\/grupoican.com.br\/#\/schema\/logo\/image\/"}},{"@type":"Person","@id":"https:\/\/grupoican.com.br\/#\/schema\/person\/f88a9177f15ebafd5a3fe8308c8cde83","name":"Admin","image":{"@type":"ImageObject","inLanguage":"fr-FR","@id":"https:\/\/grupoican.com.br\/#\/schema\/person\/image\/","url":"https:\/\/secure.gravatar.com\/avatar\/69947cc14238bc906a53010b047a4ad9ff20eacca93f5c5f6f0efd85a7a249aa?s=96&d=mm&r=g","contentUrl":"https:\/\/secure.gravatar.com\/avatar\/69947cc14238bc906a53010b047a4ad9ff20eacca93f5c5f6f0efd85a7a249aa?s=96&d=mm&r=g","caption":"Admin"},"sameAs":["http:\/\/grupoican.com.br"],"url":"https:\/\/grupoican.com.br\/fr\/author\/admin\/"}]}},"amp_enabled":true,"_links":{"self":[{"href":"https:\/\/grupoican.com.br\/fr\/wp-json\/wp\/v2\/posts\/1891","targetHints":{"allow":["GET"]}}],"collection":[{"href":"https:\/\/grupoican.com.br\/fr\/wp-json\/wp\/v2\/posts"}],"about":[{"href":"https:\/\/grupoican.com.br\/fr\/wp-json\/wp\/v2\/types\/post"}],"author":[{"embeddable":true,"href":"https:\/\/grupoican.com.br\/fr\/wp-json\/wp\/v2\/users\/1"}],"replies":[{"embeddable":true,"href":"https:\/\/grupoican.com.br\/fr\/wp-json\/wp\/v2\/comments?post=1891"}],"version-history":[{"count":0,"href":"https:\/\/grupoican.com.br\/fr\/wp-json\/wp\/v2\/posts\/1891\/revisions"}],"wp:featuredmedia":[{"embeddable":true,"href":"https:\/\/grupoican.com.br\/fr\/wp-json\/wp\/v2\/media\/1894"}],"wp:attachment":[{"href":"https:\/\/grupoican.com.br\/fr\/wp-json\/wp\/v2\/media?parent=1891"}],"wp:term":[{"taxonomy":"category","embeddable":true,"href":"https:\/\/grupoican.com.br\/fr\/wp-json\/wp\/v2\/categories?post=1891"},{"taxonomy":"post_tag","embeddable":true,"href":"https:\/\/grupoican.com.br\/fr\/wp-json\/wp\/v2\/tags?post=1891"}],"curies":[{"name":"wp","href":"https:\/\/api.w.org\/{rel}","templated":true}]}}