{"id":2248,"date":"2022-08-18T12:54:23","date_gmt":"2022-08-18T15:54:23","guid":{"rendered":"https:\/\/grupoican.com.br\/?p=2248"},"modified":"2022-09-26T14:36:33","modified_gmt":"2022-09-26T17:36:33","slug":"grupo-i-can-na-navalshore","status":"publish","type":"post","link":"https:\/\/grupoican.com.br\/fr\/grupo-i-can-na-navalshore\/","title":{"rendered":"\u00c9v\u00e9nement\u00a0: Groupe que je peux pr\u00e9senter \u00e0 NAVALSHORE"},"content":{"rendered":"<div data-elementor-type=\"wp-post\" data-elementor-id=\"2248\" class=\"elementor elementor-2248\" data-elementor-post-type=\"post\">\n\t\t\t\t\t\t<section class=\"elementor-section elementor-top-section elementor-element elementor-element-534b800c elementor-section-boxed elementor-section-height-default elementor-section-height-default\" data-id=\"534b800c\" data-element_type=\"section\">\n\t\t\t\t\t\t<div class=\"elementor-container elementor-column-gap-default\">\n\t\t\t\t\t<div class=\"elementor-column elementor-col-100 elementor-top-column elementor-element elementor-element-31ba3485\" data-id=\"31ba3485\" data-element_type=\"column\">\n\t\t\t<div class=\"elementor-widget-wrap elementor-element-populated\">\n\t\t\t\t\t\t<div class=\"elementor-element elementor-element-3cc84a27 elementor-widget elementor-widget-text-editor\" data-id=\"3cc84a27\" data-element_type=\"widget\" data-widget_type=\"text-editor.default\">\n\t\t\t\t<div class=\"elementor-widget-container\">\n\t\t\t\t\t\t\t\t\t<p><\/p>\n<p>L&#039;\u00e9quipe Grupo I can \u00e9tait pr\u00e9sente hier, 17.08.2022, \u00e0 la 16e \u00e9dition de NavalShore, qui se d\u00e9roule \u00e0 Expo Mag, Rio de Janeiro.<\/p>\n<p><\/p>\n<p>Ce fut une immense satisfaction de montrer l&#039;\u00e9chauffement de l&#039;industrie maritime avec l&#039;exposition d&#039;entreprises importantes pour l&#039;activation de l&#039;\u00e9conomie dans ce segment. Nous avons visit\u00e9 l&#039;ensemble de l&#039;exposition en gardant contact avec plusieurs personnes et partenaires :<\/p>\n<p>\u2981 Atl\u00e2ntico Sul, Enseada, Mau\u00e1 Shipyards, plusieurs cabinets de conseil comme Genova. Pr\u00e9sence \u00e9galement des universit\u00e9s et instituts (IEPETEC, IPT, UFRJ) et du SINAVAL.\u00a0<\/p>\n<p>Entreprises de vente de machines et d&#039;\u00e9quipements : Wartisila, Yanmar, Masson Marine, Master Energy, ainsi que des compagnies maritimes, CREA-RJ, Portos e Navios Magazine, Medinship, entre autres\u00a0<\/p>\n<p>(voir liste compl\u00e8te sur le site de l&#039;\u00e9v\u00e9nement).<\/p>\n<p>Sans aucun doute, c&#039;\u00e9tait le moment de d\u00e9couvrir les nouvelles technologies et les tendances mondiales du secteur.<\/p>\n<p><\/p>\n<figure class=\"wp-block-image size-large\"><img fetchpriority=\"high\" decoding=\"async\" width=\"1024\" height=\"576\" class=\"wp-image-2251\" src=\"https:\/\/grupoican.com.br\/wp-content\/uploads\/2022\/08\/WhatsApp-Image-2022-08-18-at-01.14.59-1-1024x576.jpeg\" alt=\"\" \/>\n<p>\u00a0<\/p>\n<figcaption>De gauche \u00e0 droite : Ricardo Blanco, Tereza Soares et \u00c2ngela Oliveira<\/figcaption>\n<\/figure>\n<p><\/p>\t\t\t\t\t\t\t\t<\/div>\n\t\t\t\t<\/div>\n\t\t\t\t\t<\/div>\n\t\t<\/div>\n\t\t\t\t\t<\/div>\n\t\t<\/section>\n\t\t\t\t<\/div>","protected":false},"excerpt":{"rendered":"<p>A equipe do Grupo I can marcou presen\u00e7a ontem dia 17.08.2022, na NavalShore 16\u00aa edi\u00e7\u00e3o, que est\u00e1 acontecendo no Expo Mag, Rio de Janeiro. Foi uma imensa satisfa\u00e7\u00e3o evidenciar o aquecimento da ind\u00fastria mar\u00edtima com a exposi\u00e7\u00e3o de empresas importantes para a ativa\u00e7\u00e3o da economia nesse segmento. Visitamos toda a exposi\u00e7\u00e3o mantendo contato com v\u00e1rias&hellip;&nbsp;<a href=\"https:\/\/grupoican.com.br\/fr\/grupo-i-can-na-navalshore\/\" rel=\"bookmark\">Read More &raquo;<span class=\"screen-reader-text\">\u00c9v\u00e9nement\u00a0: Groupe que je peux pr\u00e9senter \u00e0 NAVALSHORE<\/span><\/a><\/p>","protected":false},"author":1,"featured_media":2339,"comment_status":"open","ping_status":"open","sticky":false,"template":"","format":"standard","meta":{"neve_meta_sidebar":"","neve_meta_container":"","neve_meta_enable_content_width":"","neve_meta_content_width":0,"neve_meta_title_alignment":"","neve_meta_author_avatar":"","neve_post_elements_order":"","neve_meta_disable_header":"","neve_meta_disable_footer":"","neve_meta_disable_title":"","neve_meta_reading_time":"","_joinchat":[],"footnotes":""},"categories":[1208],"tags":[],"class_list":["post-2248","post","type-post","status-publish","format-standard","has-post-thumbnail","hentry","category-blog"],"yoast_head":"<!-- This site is optimized with the Yoast SEO Premium plugin v22.5 (Yoast SEO v24.5) - https:\/\/yoast.com\/wordpress\/plugins\/seo\/ -->\n<title>Evento: Grupo I can presente no NAVALSHORE - GrupoIcan<\/title>\n<meta name=\"robots\" content=\"index, follow, max-snippet:-1, max-image-preview:large, max-video-preview:-1\" \/>\n<link rel=\"canonical\" href=\"https:\/\/grupoican.com.br\/fr\/grupo-i-can-na-navalshore\/\" \/>\n<meta property=\"og:locale\" content=\"fr_FR\" \/>\n<meta property=\"og:type\" content=\"article\" \/>\n<meta property=\"og:title\" content=\"Evento: Grupo I can presente no NAVALSHORE\" \/>\n<meta property=\"og:description\" content=\"A equipe do Grupo I can marcou presen\u00e7a ontem dia 17.08.2022, na NavalShore 16\u00aa edi\u00e7\u00e3o, que est\u00e1 acontecendo no Expo Mag, Rio de Janeiro. Foi uma imensa satisfa\u00e7\u00e3o evidenciar o aquecimento da ind\u00fastria mar\u00edtima com a exposi\u00e7\u00e3o de empresas importantes para a ativa\u00e7\u00e3o da economia nesse segmento. Visitamos toda a exposi\u00e7\u00e3o mantendo contato com v\u00e1rias&hellip;&nbsp;Read More &raquo;Evento: Grupo I can presente no NAVALSHORE\" \/>\n<meta property=\"og:url\" content=\"https:\/\/grupoican.com.br\/fr\/grupo-i-can-na-navalshore\/\" \/>\n<meta property=\"og:site_name\" content=\"GrupoIcan\" \/>\n<meta property=\"article:published_time\" content=\"2022-08-18T15:54:23+00:00\" \/>\n<meta property=\"article:modified_time\" content=\"2022-09-26T17:36:33+00:00\" \/>\n<meta property=\"og:image\" content=\"https:\/\/grupoican.com.br\/wp-content\/uploads\/2022\/08\/download-3.png\" \/>\n\t<meta property=\"og:image:width\" content=\"225\" \/>\n\t<meta property=\"og:image:height\" content=\"225\" \/>\n\t<meta property=\"og:image:type\" content=\"image\/png\" \/>\n<meta name=\"author\" content=\"Admin\" \/>\n<meta name=\"twitter:card\" content=\"summary_large_image\" \/>\n<meta name=\"twitter:label1\" content=\"\u00c9crit par\" \/>\n\t<meta name=\"twitter:data1\" content=\"Admin\" \/>\n\t<meta name=\"twitter:label2\" content=\"Dur\u00e9e de lecture estim\u00e9e\" \/>\n\t<meta name=\"twitter:data2\" content=\"1 minute\" \/>\n<script type=\"application\/ld+json\" class=\"yoast-schema-graph\">{\"@context\":\"https:\/\/schema.org\",\"@graph\":[{\"@type\":\"Article\",\"@id\":\"https:\/\/grupoican.com.br\/grupo-i-can-na-navalshore\/#article\",\"isPartOf\":{\"@id\":\"https:\/\/grupoican.com.br\/grupo-i-can-na-navalshore\/\"},\"author\":{\"name\":\"Admin\",\"@id\":\"https:\/\/grupoican.com.br\/#\/schema\/person\/f88a9177f15ebafd5a3fe8308c8cde83\"},\"headline\":\"Evento: Grupo I can presente no NAVALSHORE\",\"datePublished\":\"2022-08-18T15:54:23+00:00\",\"dateModified\":\"2022-09-26T17:36:33+00:00\",\"mainEntityOfPage\":{\"@id\":\"https:\/\/grupoican.com.br\/grupo-i-can-na-navalshore\/\"},\"wordCount\":160,\"commentCount\":2,\"publisher\":{\"@id\":\"https:\/\/grupoican.com.br\/#organization\"},\"image\":{\"@id\":\"https:\/\/grupoican.com.br\/grupo-i-can-na-navalshore\/#primaryimage\"},\"thumbnailUrl\":\"https:\/\/grupoican.com.br\/wp-content\/uploads\/2022\/08\/download-3.png\",\"articleSection\":[\"Blog\"],\"inLanguage\":\"fr-FR\",\"potentialAction\":[{\"@type\":\"CommentAction\",\"name\":\"Comment\",\"target\":[\"https:\/\/grupoican.com.br\/grupo-i-can-na-navalshore\/#respond\"]}]},{\"@type\":\"WebPage\",\"@id\":\"https:\/\/grupoican.com.br\/grupo-i-can-na-navalshore\/\",\"url\":\"https:\/\/grupoican.com.br\/grupo-i-can-na-navalshore\/\",\"name\":\"Evento: Grupo I can presente no NAVALSHORE - GrupoIcan\",\"isPartOf\":{\"@id\":\"https:\/\/grupoican.com.br\/#website\"},\"primaryImageOfPage\":{\"@id\":\"https:\/\/grupoican.com.br\/grupo-i-can-na-navalshore\/#primaryimage\"},\"image\":{\"@id\":\"https:\/\/grupoican.com.br\/grupo-i-can-na-navalshore\/#primaryimage\"},\"thumbnailUrl\":\"https:\/\/grupoican.com.br\/wp-content\/uploads\/2022\/08\/download-3.png\",\"datePublished\":\"2022-08-18T15:54:23+00:00\",\"dateModified\":\"2022-09-26T17:36:33+00:00\",\"breadcrumb\":{\"@id\":\"https:\/\/grupoican.com.br\/grupo-i-can-na-navalshore\/#breadcrumb\"},\"inLanguage\":\"fr-FR\",\"potentialAction\":[{\"@type\":\"ReadAction\",\"target\":[\"https:\/\/grupoican.com.br\/grupo-i-can-na-navalshore\/\"]}]},{\"@type\":\"ImageObject\",\"inLanguage\":\"fr-FR\",\"@id\":\"https:\/\/grupoican.com.br\/grupo-i-can-na-navalshore\/#primaryimage\",\"url\":\"https:\/\/grupoican.com.br\/wp-content\/uploads\/2022\/08\/download-3.png\",\"contentUrl\":\"https:\/\/grupoican.com.br\/wp-content\/uploads\/2022\/08\/download-3.png\",\"width\":225,\"height\":225},{\"@type\":\"BreadcrumbList\",\"@id\":\"https:\/\/grupoican.com.br\/grupo-i-can-na-navalshore\/#breadcrumb\",\"itemListElement\":[{\"@type\":\"ListItem\",\"position\":1,\"name\":\"In\u00edcio\",\"item\":\"https:\/\/grupoican.com.br\/\"},{\"@type\":\"ListItem\",\"position\":2,\"name\":\"Evento: Grupo I can presente no NAVALSHORE\"}]},{\"@type\":\"WebSite\",\"@id\":\"https:\/\/grupoican.com.br\/#website\",\"url\":\"https:\/\/grupoican.com.br\/\",\"name\":\"GrupoIcan\",\"description\":\"Consultoria especializada em gest\u00e3o empresarial e \u00e1rea de petr\u00f3leo e g\u00e1s.\",\"publisher\":{\"@id\":\"https:\/\/grupoican.com.br\/#organization\"},\"potentialAction\":[{\"@type\":\"SearchAction\",\"target\":{\"@type\":\"EntryPoint\",\"urlTemplate\":\"https:\/\/grupoican.com.br\/?s={search_term_string}\"},\"query-input\":{\"@type\":\"PropertyValueSpecification\",\"valueRequired\":true,\"valueName\":\"search_term_string\"}}],\"inLanguage\":\"fr-FR\"},{\"@type\":\"Organization\",\"@id\":\"https:\/\/grupoican.com.br\/#organization\",\"name\":\"GrupoIcan\",\"url\":\"https:\/\/grupoican.com.br\/\",\"logo\":{\"@type\":\"ImageObject\",\"inLanguage\":\"fr-FR\",\"@id\":\"https:\/\/grupoican.com.br\/#\/schema\/logo\/image\/\",\"url\":\"https:\/\/grupoican.com.br\/wp-content\/uploads\/2021\/09\/logo-icanbe.png\",\"contentUrl\":\"https:\/\/grupoican.com.br\/wp-content\/uploads\/2021\/09\/logo-icanbe.png\",\"width\":1855,\"height\":1573,\"caption\":\"GrupoIcan\"},\"image\":{\"@id\":\"https:\/\/grupoican.com.br\/#\/schema\/logo\/image\/\"}},{\"@type\":\"Person\",\"@id\":\"https:\/\/grupoican.com.br\/#\/schema\/person\/f88a9177f15ebafd5a3fe8308c8cde83\",\"name\":\"Admin\",\"image\":{\"@type\":\"ImageObject\",\"inLanguage\":\"fr-FR\",\"@id\":\"https:\/\/grupoican.com.br\/#\/schema\/person\/image\/\",\"url\":\"https:\/\/secure.gravatar.com\/avatar\/69947cc14238bc906a53010b047a4ad9ff20eacca93f5c5f6f0efd85a7a249aa?s=96&d=mm&r=g\",\"contentUrl\":\"https:\/\/secure.gravatar.com\/avatar\/69947cc14238bc906a53010b047a4ad9ff20eacca93f5c5f6f0efd85a7a249aa?s=96&d=mm&r=g\",\"caption\":\"Admin\"},\"sameAs\":[\"http:\/\/grupoican.com.br\"],\"url\":\"https:\/\/grupoican.com.br\/fr\/author\/admin\/\"}]}<\/script>\n<!-- \/ Yoast SEO Premium plugin. -->","yoast_head_json":{"title":"Evento: Grupo I can presente no NAVALSHORE - GrupoIcan","robots":{"index":"index","follow":"follow","max-snippet":"max-snippet:-1","max-image-preview":"max-image-preview:large","max-video-preview":"max-video-preview:-1"},"canonical":"https:\/\/grupoican.com.br\/fr\/grupo-i-can-na-navalshore\/","og_locale":"fr_FR","og_type":"article","og_title":"Evento: Grupo I can presente no NAVALSHORE","og_description":"A equipe do Grupo I can marcou presen\u00e7a ontem dia 17.08.2022, na NavalShore 16\u00aa edi\u00e7\u00e3o, que est\u00e1 acontecendo no Expo Mag, Rio de Janeiro. Foi uma imensa satisfa\u00e7\u00e3o evidenciar o aquecimento da ind\u00fastria mar\u00edtima com a exposi\u00e7\u00e3o de empresas importantes para a ativa\u00e7\u00e3o da economia nesse segmento. Visitamos toda a exposi\u00e7\u00e3o mantendo contato com v\u00e1rias&hellip;&nbsp;Read More &raquo;Evento: Grupo I can presente no NAVALSHORE","og_url":"https:\/\/grupoican.com.br\/fr\/grupo-i-can-na-navalshore\/","og_site_name":"GrupoIcan","article_published_time":"2022-08-18T15:54:23+00:00","article_modified_time":"2022-09-26T17:36:33+00:00","og_image":[{"width":225,"height":225,"url":"https:\/\/grupoican.com.br\/wp-content\/uploads\/2022\/08\/download-3.png","type":"image\/png"}],"author":"Admin","twitter_card":"summary_large_image","twitter_misc":{"\u00c9crit par":"Admin","Dur\u00e9e de lecture estim\u00e9e":"1 minute"},"schema":{"@context":"https:\/\/schema.org","@graph":[{"@type":"Article","@id":"https:\/\/grupoican.com.br\/grupo-i-can-na-navalshore\/#article","isPartOf":{"@id":"https:\/\/grupoican.com.br\/grupo-i-can-na-navalshore\/"},"author":{"name":"Admin","@id":"https:\/\/grupoican.com.br\/#\/schema\/person\/f88a9177f15ebafd5a3fe8308c8cde83"},"headline":"Evento: Grupo I can presente no NAVALSHORE","datePublished":"2022-08-18T15:54:23+00:00","dateModified":"2022-09-26T17:36:33+00:00","mainEntityOfPage":{"@id":"https:\/\/grupoican.com.br\/grupo-i-can-na-navalshore\/"},"wordCount":160,"commentCount":2,"publisher":{"@id":"https:\/\/grupoican.com.br\/#organization"},"image":{"@id":"https:\/\/grupoican.com.br\/grupo-i-can-na-navalshore\/#primaryimage"},"thumbnailUrl":"https:\/\/grupoican.com.br\/wp-content\/uploads\/2022\/08\/download-3.png","articleSection":["Blog"],"inLanguage":"fr-FR","potentialAction":[{"@type":"CommentAction","name":"Comment","target":["https:\/\/grupoican.com.br\/grupo-i-can-na-navalshore\/#respond"]}]},{"@type":"WebPage","@id":"https:\/\/grupoican.com.br\/grupo-i-can-na-navalshore\/","url":"https:\/\/grupoican.com.br\/grupo-i-can-na-navalshore\/","name":"Evento: Grupo I can presente no NAVALSHORE - GrupoIcan","isPartOf":{"@id":"https:\/\/grupoican.com.br\/#website"},"primaryImageOfPage":{"@id":"https:\/\/grupoican.com.br\/grupo-i-can-na-navalshore\/#primaryimage"},"image":{"@id":"https:\/\/grupoican.com.br\/grupo-i-can-na-navalshore\/#primaryimage"},"thumbnailUrl":"https:\/\/grupoican.com.br\/wp-content\/uploads\/2022\/08\/download-3.png","datePublished":"2022-08-18T15:54:23+00:00","dateModified":"2022-09-26T17:36:33+00:00","breadcrumb":{"@id":"https:\/\/grupoican.com.br\/grupo-i-can-na-navalshore\/#breadcrumb"},"inLanguage":"fr-FR","potentialAction":[{"@type":"ReadAction","target":["https:\/\/grupoican.com.br\/grupo-i-can-na-navalshore\/"]}]},{"@type":"ImageObject","inLanguage":"fr-FR","@id":"https:\/\/grupoican.com.br\/grupo-i-can-na-navalshore\/#primaryimage","url":"https:\/\/grupoican.com.br\/wp-content\/uploads\/2022\/08\/download-3.png","contentUrl":"https:\/\/grupoican.com.br\/wp-content\/uploads\/2022\/08\/download-3.png","width":225,"height":225},{"@type":"BreadcrumbList","@id":"https:\/\/grupoican.com.br\/grupo-i-can-na-navalshore\/#breadcrumb","itemListElement":[{"@type":"ListItem","position":1,"name":"In\u00edcio","item":"https:\/\/grupoican.com.br\/"},{"@type":"ListItem","position":2,"name":"Evento: Grupo I can presente no NAVALSHORE"}]},{"@type":"WebSite","@id":"https:\/\/grupoican.com.br\/#website","url":"https:\/\/grupoican.com.br\/","name":"GrupoIcan","description":"Consultoria especializada em gest\u00e3o empresarial e \u00e1rea de petr\u00f3leo e g\u00e1s.","publisher":{"@id":"https:\/\/grupoican.com.br\/#organization"},"potentialAction":[{"@type":"SearchAction","target":{"@type":"EntryPoint","urlTemplate":"https:\/\/grupoican.com.br\/?s={search_term_string}"},"query-input":{"@type":"PropertyValueSpecification","valueRequired":true,"valueName":"search_term_string"}}],"inLanguage":"fr-FR"},{"@type":"Organization","@id":"https:\/\/grupoican.com.br\/#organization","name":"GrupoIcan","url":"https:\/\/grupoican.com.br\/","logo":{"@type":"ImageObject","inLanguage":"fr-FR","@id":"https:\/\/grupoican.com.br\/#\/schema\/logo\/image\/","url":"https:\/\/grupoican.com.br\/wp-content\/uploads\/2021\/09\/logo-icanbe.png","contentUrl":"https:\/\/grupoican.com.br\/wp-content\/uploads\/2021\/09\/logo-icanbe.png","width":1855,"height":1573,"caption":"GrupoIcan"},"image":{"@id":"https:\/\/grupoican.com.br\/#\/schema\/logo\/image\/"}},{"@type":"Person","@id":"https:\/\/grupoican.com.br\/#\/schema\/person\/f88a9177f15ebafd5a3fe8308c8cde83","name":"Admin","image":{"@type":"ImageObject","inLanguage":"fr-FR","@id":"https:\/\/grupoican.com.br\/#\/schema\/person\/image\/","url":"https:\/\/secure.gravatar.com\/avatar\/69947cc14238bc906a53010b047a4ad9ff20eacca93f5c5f6f0efd85a7a249aa?s=96&d=mm&r=g","contentUrl":"https:\/\/secure.gravatar.com\/avatar\/69947cc14238bc906a53010b047a4ad9ff20eacca93f5c5f6f0efd85a7a249aa?s=96&d=mm&r=g","caption":"Admin"},"sameAs":["http:\/\/grupoican.com.br"],"url":"https:\/\/grupoican.com.br\/fr\/author\/admin\/"}]}},"amp_enabled":false,"_links":{"self":[{"href":"https:\/\/grupoican.com.br\/fr\/wp-json\/wp\/v2\/posts\/2248","targetHints":{"allow":["GET"]}}],"collection":[{"href":"https:\/\/grupoican.com.br\/fr\/wp-json\/wp\/v2\/posts"}],"about":[{"href":"https:\/\/grupoican.com.br\/fr\/wp-json\/wp\/v2\/types\/post"}],"author":[{"embeddable":true,"href":"https:\/\/grupoican.com.br\/fr\/wp-json\/wp\/v2\/users\/1"}],"replies":[{"embeddable":true,"href":"https:\/\/grupoican.com.br\/fr\/wp-json\/wp\/v2\/comments?post=2248"}],"version-history":[{"count":0,"href":"https:\/\/grupoican.com.br\/fr\/wp-json\/wp\/v2\/posts\/2248\/revisions"}],"wp:featuredmedia":[{"embeddable":true,"href":"https:\/\/grupoican.com.br\/fr\/wp-json\/wp\/v2\/media\/2339"}],"wp:attachment":[{"href":"https:\/\/grupoican.com.br\/fr\/wp-json\/wp\/v2\/media?parent=2248"}],"wp:term":[{"taxonomy":"category","embeddable":true,"href":"https:\/\/grupoican.com.br\/fr\/wp-json\/wp\/v2\/categories?post=2248"},{"taxonomy":"post_tag","embeddable":true,"href":"https:\/\/grupoican.com.br\/fr\/wp-json\/wp\/v2\/tags?post=2248"}],"curies":[{"name":"wp","href":"https:\/\/api.w.org\/{rel}","templated":true}]}}