{"id":2522,"date":"2022-09-21T13:50:53","date_gmt":"2022-09-21T16:50:53","guid":{"rendered":"https:\/\/grupoican.com.br\/?p=2522"},"modified":"2022-09-26T14:33:21","modified_gmt":"2022-09-26T17:33:21","slug":"por-onde-andam","status":"publish","type":"post","link":"https:\/\/grupoican.com.br\/fr\/por-onde-andam\/","title":{"rendered":"S\u00e9rie\u00a0: Les gens de notre histoire"},"content":{"rendered":"<div data-elementor-type=\"wp-post\" data-elementor-id=\"2522\" class=\"elementor elementor-2522\" data-elementor-post-type=\"post\">\n\t\t\t\t\t\t<section class=\"elementor-section elementor-top-section elementor-element elementor-element-1a7e6ae elementor-section-boxed elementor-section-height-default elementor-section-height-default\" data-id=\"1a7e6ae\" data-element_type=\"section\">\n\t\t\t\t\t\t<div class=\"elementor-container elementor-column-gap-default\">\n\t\t\t\t\t<div class=\"elementor-column elementor-col-100 elementor-top-column elementor-element elementor-element-1600189\" data-id=\"1600189\" data-element_type=\"column\">\n\t\t\t<div class=\"elementor-widget-wrap elementor-element-populated\">\n\t\t\t\t\t\t<div class=\"elementor-element elementor-element-dbd0f41 elementor-widget elementor-widget-heading\" data-id=\"dbd0f41\" data-element_type=\"widget\" data-widget_type=\"heading.default\">\n\t\t\t\t<div class=\"elementor-widget-container\">\n\t\t\t\t\t<h2 class=\"elementor-heading-title elementor-size-default\">Quelle fiert\u00e9 de toi !<\/h2>\t\t\t\t<\/div>\n\t\t\t\t<\/div>\n\t\t\t\t\t<\/div>\n\t\t<\/div>\n\t\t\t\t\t<\/div>\n\t\t<\/section>\n\t\t\t\t<section class=\"elementor-section elementor-top-section elementor-element elementor-element-71b2212e elementor-section-boxed elementor-section-height-default elementor-section-height-default\" data-id=\"71b2212e\" data-element_type=\"section\">\n\t\t\t\t\t\t<div class=\"elementor-container elementor-column-gap-default\">\n\t\t\t\t\t<div class=\"elementor-column elementor-col-100 elementor-top-column elementor-element elementor-element-4a7691dd\" data-id=\"4a7691dd\" data-element_type=\"column\">\n\t\t\t<div class=\"elementor-widget-wrap elementor-element-populated\">\n\t\t\t\t\t\t<div class=\"elementor-element elementor-element-19a92733 elementor-widget elementor-widget-text-editor\" data-id=\"19a92733\" data-element_type=\"widget\" data-widget_type=\"text-editor.default\">\n\t\t\t\t<div class=\"elementor-widget-container\">\n\t\t\t\t\t\t\t\t\t\n<p>De gauche \u00e0 droite : Daniel Resemini, Tereza Soares, Marino Muratore et Matheus Gronow<\/p>\n<p>En 2014, notre soci\u00e9t\u00e9 a ex\u00e9cut\u00e9 un projet dans le but d&#039;Ocean Rig do Brasil en adoptant des actions pour pr\u00e9venir les incidents, en mettant l&#039;accent sur la chute d&#039;objets (&quot;Drop&quot;), les navires Mykonos, Mylos et Corcovado.<\/p>\n<p>Le point culminant de ce projet a \u00e9t\u00e9 la participation des jeunes talents Daniel Resemini et Matheus Gronow, \u00e0 l&#039;\u00e9poque tous deux r\u00e9cemment dipl\u00f4m\u00e9s d&#039;un baccalaur\u00e9at en g\u00e9nie p\u00e9trolier. Ils ont \u00e9t\u00e9 encadr\u00e9s par moi, Tereza Soares et Marino Muratore.<\/p>\n<p>Apr\u00e8s 08 ans, leur trajectoire est une vraie r\u00e9ussite.<\/p>\n<p>Daniel Resemini est directeur g\u00e9n\u00e9ral |<a href=\"https:\/\/www.deltavengenharia.com\/\" target=\"_blank\" rel=\"noopener\"> Ing\u00e9nierie spatiale DeltaV.<\/a> Cette startup a remport\u00e9 un avis public \/ subvention de 8 millions de R$ pour permettre un prototype de fus\u00e9e d&#039;entra\u00eenement, con\u00e7u par l&#039;Agence spatiale br\u00e9silienne (AEB), le minist\u00e8re des Sciences et de la Technologie et la FINEP.<\/p>\n<p>Matheus Gronow est ing\u00e9nieur technico-commercial principal chez LESER GmbH &amp; Co. KG \u00e0 Hambourg, en Allemagne, \u00e0 la t\u00eate d&#039;une \u00e9quipe de 6 ing\u00e9nieurs au si\u00e8ge et de 25 ing\u00e9nieurs \u00e0 la division des ventes en Asie.<\/p>\n<p>Attendez que dans le prochain article, nous divulguerons plus de talents qui ont d\u00e9j\u00e0 fait partie de l&#039;\u00e9quipe Grupo I can.<\/p>\n\t\t\t\t\t\t\t\t<\/div>\n\t\t\t\t<\/div>\n\t\t\t\t\t<\/div>\n\t\t<\/div>\n\t\t\t\t\t<\/div>\n\t\t<\/section>\n\t\t\t\t<\/div>","protected":false},"excerpt":{"rendered":"<p>Quanto orgulho de voc\u00eas! Da esquerda para a direita: Daniel Resemini, Tereza Soares, Marino Muratore e Matheus Gronow Em 2014, a nossa empresa, executou um projeto com o objetivo da Ocean Rig do Brasil adotar a\u00e7\u00f5es para prevenir incidentes, com destaque para queda de objetos (\u201cDrop\u201d), navios Mykonos, Mylos e Corcovado. O destaque deste projeto&hellip;&nbsp;<a href=\"https:\/\/grupoican.com.br\/fr\/por-onde-andam\/\" rel=\"bookmark\">Read More &raquo;<span class=\"screen-reader-text\">S\u00e9rie\u00a0: Les gens de notre histoire<\/span><\/a><\/p>","protected":false},"author":1,"featured_media":2524,"comment_status":"open","ping_status":"open","sticky":false,"template":"","format":"standard","meta":{"neve_meta_sidebar":"","neve_meta_container":"","neve_meta_enable_content_width":"","neve_meta_content_width":0,"neve_meta_title_alignment":"","neve_meta_author_avatar":"","neve_post_elements_order":"","neve_meta_disable_header":"","neve_meta_disable_footer":"","neve_meta_disable_title":"","neve_meta_reading_time":"","_joinchat":[],"footnotes":""},"categories":[1208],"tags":[],"class_list":["post-2522","post","type-post","status-publish","format-standard","has-post-thumbnail","hentry","category-blog"],"yoast_head":"<!-- This site is optimized with the Yoast SEO Premium plugin v22.5 (Yoast SEO v24.5) - https:\/\/yoast.com\/wordpress\/plugins\/seo\/ -->\n<title>S\u00e9rie: Pessoas da Nossa Hist\u00f3ria - GrupoIcan<\/title>\n<meta name=\"robots\" content=\"index, follow, max-snippet:-1, max-image-preview:large, max-video-preview:-1\" \/>\n<link rel=\"canonical\" href=\"https:\/\/grupoican.com.br\/fr\/por-onde-andam\/\" \/>\n<meta property=\"og:locale\" content=\"fr_FR\" \/>\n<meta property=\"og:type\" content=\"article\" \/>\n<meta property=\"og:title\" content=\"S\u00e9rie: Pessoas da Nossa Hist\u00f3ria\" \/>\n<meta property=\"og:description\" content=\"Quanto orgulho de voc\u00eas! Da esquerda para a direita: Daniel Resemini, Tereza Soares, Marino Muratore e Matheus Gronow Em 2014, a nossa empresa, executou um projeto com o objetivo da Ocean Rig do Brasil adotar a\u00e7\u00f5es para prevenir incidentes, com destaque para queda de objetos (\u201cDrop\u201d), navios Mykonos, Mylos e Corcovado. O destaque deste projeto&hellip;&nbsp;Read More &raquo;S\u00e9rie: Pessoas da Nossa Hist\u00f3ria\" \/>\n<meta property=\"og:url\" content=\"https:\/\/grupoican.com.br\/fr\/por-onde-andam\/\" \/>\n<meta property=\"og:site_name\" content=\"GrupoIcan\" \/>\n<meta property=\"article:published_time\" content=\"2022-09-21T16:50:53+00:00\" \/>\n<meta property=\"article:modified_time\" content=\"2022-09-26T17:33:21+00:00\" \/>\n<meta property=\"og:image\" content=\"https:\/\/grupoican.com.br\/wp-content\/uploads\/2022\/09\/WhatsApp-Image-2022-09-21-at-12.21.24-1.jpeg\" \/>\n\t<meta property=\"og:image:width\" content=\"975\" \/>\n\t<meta property=\"og:image:height\" content=\"751\" \/>\n\t<meta property=\"og:image:type\" content=\"image\/jpeg\" \/>\n<meta name=\"author\" content=\"Admin\" \/>\n<meta name=\"twitter:card\" content=\"summary_large_image\" \/>\n<meta name=\"twitter:label1\" content=\"\u00c9crit par\" \/>\n\t<meta name=\"twitter:data1\" content=\"Admin\" \/>\n\t<meta name=\"twitter:label2\" content=\"Dur\u00e9e de lecture estim\u00e9e\" \/>\n\t<meta name=\"twitter:data2\" content=\"2 minutes\" \/>\n<script type=\"application\/ld+json\" class=\"yoast-schema-graph\">{\"@context\":\"https:\/\/schema.org\",\"@graph\":[{\"@type\":\"Article\",\"@id\":\"https:\/\/grupoican.com.br\/por-onde-andam\/#article\",\"isPartOf\":{\"@id\":\"https:\/\/grupoican.com.br\/por-onde-andam\/\"},\"author\":{\"name\":\"Admin\",\"@id\":\"https:\/\/grupoican.com.br\/#\/schema\/person\/f88a9177f15ebafd5a3fe8308c8cde83\"},\"headline\":\"S\u00e9rie: Pessoas da Nossa Hist\u00f3ria\",\"datePublished\":\"2022-09-21T16:50:53+00:00\",\"dateModified\":\"2022-09-26T17:33:21+00:00\",\"mainEntityOfPage\":{\"@id\":\"https:\/\/grupoican.com.br\/por-onde-andam\/\"},\"wordCount\":204,\"commentCount\":0,\"publisher\":{\"@id\":\"https:\/\/grupoican.com.br\/#organization\"},\"image\":{\"@id\":\"https:\/\/grupoican.com.br\/por-onde-andam\/#primaryimage\"},\"thumbnailUrl\":\"https:\/\/grupoican.com.br\/wp-content\/uploads\/2022\/09\/WhatsApp-Image-2022-09-21-at-12.21.24-1.jpeg\",\"articleSection\":[\"Blog\"],\"inLanguage\":\"fr-FR\",\"potentialAction\":[{\"@type\":\"CommentAction\",\"name\":\"Comment\",\"target\":[\"https:\/\/grupoican.com.br\/por-onde-andam\/#respond\"]}]},{\"@type\":\"WebPage\",\"@id\":\"https:\/\/grupoican.com.br\/por-onde-andam\/\",\"url\":\"https:\/\/grupoican.com.br\/por-onde-andam\/\",\"name\":\"S\u00e9rie: Pessoas da Nossa Hist\u00f3ria - GrupoIcan\",\"isPartOf\":{\"@id\":\"https:\/\/grupoican.com.br\/#website\"},\"primaryImageOfPage\":{\"@id\":\"https:\/\/grupoican.com.br\/por-onde-andam\/#primaryimage\"},\"image\":{\"@id\":\"https:\/\/grupoican.com.br\/por-onde-andam\/#primaryimage\"},\"thumbnailUrl\":\"https:\/\/grupoican.com.br\/wp-content\/uploads\/2022\/09\/WhatsApp-Image-2022-09-21-at-12.21.24-1.jpeg\",\"datePublished\":\"2022-09-21T16:50:53+00:00\",\"dateModified\":\"2022-09-26T17:33:21+00:00\",\"breadcrumb\":{\"@id\":\"https:\/\/grupoican.com.br\/por-onde-andam\/#breadcrumb\"},\"inLanguage\":\"fr-FR\",\"potentialAction\":[{\"@type\":\"ReadAction\",\"target\":[\"https:\/\/grupoican.com.br\/por-onde-andam\/\"]}]},{\"@type\":\"ImageObject\",\"inLanguage\":\"fr-FR\",\"@id\":\"https:\/\/grupoican.com.br\/por-onde-andam\/#primaryimage\",\"url\":\"https:\/\/grupoican.com.br\/wp-content\/uploads\/2022\/09\/WhatsApp-Image-2022-09-21-at-12.21.24-1.jpeg\",\"contentUrl\":\"https:\/\/grupoican.com.br\/wp-content\/uploads\/2022\/09\/WhatsApp-Image-2022-09-21-at-12.21.24-1.jpeg\",\"width\":975,\"height\":751,\"caption\":\"Da esquerda para a direita: Daniel Resemini, Tereza Soares, Marino Muratore e Matheus Gronow\"},{\"@type\":\"BreadcrumbList\",\"@id\":\"https:\/\/grupoican.com.br\/por-onde-andam\/#breadcrumb\",\"itemListElement\":[{\"@type\":\"ListItem\",\"position\":1,\"name\":\"In\u00edcio\",\"item\":\"https:\/\/grupoican.com.br\/\"},{\"@type\":\"ListItem\",\"position\":2,\"name\":\"S\u00e9rie: Pessoas da Nossa Hist\u00f3ria\"}]},{\"@type\":\"WebSite\",\"@id\":\"https:\/\/grupoican.com.br\/#website\",\"url\":\"https:\/\/grupoican.com.br\/\",\"name\":\"GrupoIcan\",\"description\":\"Consultoria especializada em gest\u00e3o empresarial e \u00e1rea de petr\u00f3leo e g\u00e1s.\",\"publisher\":{\"@id\":\"https:\/\/grupoican.com.br\/#organization\"},\"potentialAction\":[{\"@type\":\"SearchAction\",\"target\":{\"@type\":\"EntryPoint\",\"urlTemplate\":\"https:\/\/grupoican.com.br\/?s={search_term_string}\"},\"query-input\":{\"@type\":\"PropertyValueSpecification\",\"valueRequired\":true,\"valueName\":\"search_term_string\"}}],\"inLanguage\":\"fr-FR\"},{\"@type\":\"Organization\",\"@id\":\"https:\/\/grupoican.com.br\/#organization\",\"name\":\"GrupoIcan\",\"url\":\"https:\/\/grupoican.com.br\/\",\"logo\":{\"@type\":\"ImageObject\",\"inLanguage\":\"fr-FR\",\"@id\":\"https:\/\/grupoican.com.br\/#\/schema\/logo\/image\/\",\"url\":\"https:\/\/grupoican.com.br\/wp-content\/uploads\/2021\/09\/logo-icanbe.png\",\"contentUrl\":\"https:\/\/grupoican.com.br\/wp-content\/uploads\/2021\/09\/logo-icanbe.png\",\"width\":1855,\"height\":1573,\"caption\":\"GrupoIcan\"},\"image\":{\"@id\":\"https:\/\/grupoican.com.br\/#\/schema\/logo\/image\/\"}},{\"@type\":\"Person\",\"@id\":\"https:\/\/grupoican.com.br\/#\/schema\/person\/f88a9177f15ebafd5a3fe8308c8cde83\",\"name\":\"Admin\",\"image\":{\"@type\":\"ImageObject\",\"inLanguage\":\"fr-FR\",\"@id\":\"https:\/\/grupoican.com.br\/#\/schema\/person\/image\/\",\"url\":\"https:\/\/secure.gravatar.com\/avatar\/69947cc14238bc906a53010b047a4ad9ff20eacca93f5c5f6f0efd85a7a249aa?s=96&d=mm&r=g\",\"contentUrl\":\"https:\/\/secure.gravatar.com\/avatar\/69947cc14238bc906a53010b047a4ad9ff20eacca93f5c5f6f0efd85a7a249aa?s=96&d=mm&r=g\",\"caption\":\"Admin\"},\"sameAs\":[\"http:\/\/grupoican.com.br\"],\"url\":\"https:\/\/grupoican.com.br\/fr\/author\/admin\/\"}]}<\/script>\n<!-- \/ Yoast SEO Premium plugin. -->","yoast_head_json":{"title":"S\u00e9rie: Pessoas da Nossa Hist\u00f3ria - GrupoIcan","robots":{"index":"index","follow":"follow","max-snippet":"max-snippet:-1","max-image-preview":"max-image-preview:large","max-video-preview":"max-video-preview:-1"},"canonical":"https:\/\/grupoican.com.br\/fr\/por-onde-andam\/","og_locale":"fr_FR","og_type":"article","og_title":"S\u00e9rie: Pessoas da Nossa Hist\u00f3ria","og_description":"Quanto orgulho de voc\u00eas! Da esquerda para a direita: Daniel Resemini, Tereza Soares, Marino Muratore e Matheus Gronow Em 2014, a nossa empresa, executou um projeto com o objetivo da Ocean Rig do Brasil adotar a\u00e7\u00f5es para prevenir incidentes, com destaque para queda de objetos (\u201cDrop\u201d), navios Mykonos, Mylos e Corcovado. O destaque deste projeto&hellip;&nbsp;Read More &raquo;S\u00e9rie: Pessoas da Nossa Hist\u00f3ria","og_url":"https:\/\/grupoican.com.br\/fr\/por-onde-andam\/","og_site_name":"GrupoIcan","article_published_time":"2022-09-21T16:50:53+00:00","article_modified_time":"2022-09-26T17:33:21+00:00","og_image":[{"width":975,"height":751,"url":"https:\/\/grupoican.com.br\/wp-content\/uploads\/2022\/09\/WhatsApp-Image-2022-09-21-at-12.21.24-1.jpeg","type":"image\/jpeg"}],"author":"Admin","twitter_card":"summary_large_image","twitter_misc":{"\u00c9crit par":"Admin","Dur\u00e9e de lecture estim\u00e9e":"2 minutes"},"schema":{"@context":"https:\/\/schema.org","@graph":[{"@type":"Article","@id":"https:\/\/grupoican.com.br\/por-onde-andam\/#article","isPartOf":{"@id":"https:\/\/grupoican.com.br\/por-onde-andam\/"},"author":{"name":"Admin","@id":"https:\/\/grupoican.com.br\/#\/schema\/person\/f88a9177f15ebafd5a3fe8308c8cde83"},"headline":"S\u00e9rie: Pessoas da Nossa Hist\u00f3ria","datePublished":"2022-09-21T16:50:53+00:00","dateModified":"2022-09-26T17:33:21+00:00","mainEntityOfPage":{"@id":"https:\/\/grupoican.com.br\/por-onde-andam\/"},"wordCount":204,"commentCount":0,"publisher":{"@id":"https:\/\/grupoican.com.br\/#organization"},"image":{"@id":"https:\/\/grupoican.com.br\/por-onde-andam\/#primaryimage"},"thumbnailUrl":"https:\/\/grupoican.com.br\/wp-content\/uploads\/2022\/09\/WhatsApp-Image-2022-09-21-at-12.21.24-1.jpeg","articleSection":["Blog"],"inLanguage":"fr-FR","potentialAction":[{"@type":"CommentAction","name":"Comment","target":["https:\/\/grupoican.com.br\/por-onde-andam\/#respond"]}]},{"@type":"WebPage","@id":"https:\/\/grupoican.com.br\/por-onde-andam\/","url":"https:\/\/grupoican.com.br\/por-onde-andam\/","name":"S\u00e9rie: Pessoas da Nossa Hist\u00f3ria - GrupoIcan","isPartOf":{"@id":"https:\/\/grupoican.com.br\/#website"},"primaryImageOfPage":{"@id":"https:\/\/grupoican.com.br\/por-onde-andam\/#primaryimage"},"image":{"@id":"https:\/\/grupoican.com.br\/por-onde-andam\/#primaryimage"},"thumbnailUrl":"https:\/\/grupoican.com.br\/wp-content\/uploads\/2022\/09\/WhatsApp-Image-2022-09-21-at-12.21.24-1.jpeg","datePublished":"2022-09-21T16:50:53+00:00","dateModified":"2022-09-26T17:33:21+00:00","breadcrumb":{"@id":"https:\/\/grupoican.com.br\/por-onde-andam\/#breadcrumb"},"inLanguage":"fr-FR","potentialAction":[{"@type":"ReadAction","target":["https:\/\/grupoican.com.br\/por-onde-andam\/"]}]},{"@type":"ImageObject","inLanguage":"fr-FR","@id":"https:\/\/grupoican.com.br\/por-onde-andam\/#primaryimage","url":"https:\/\/grupoican.com.br\/wp-content\/uploads\/2022\/09\/WhatsApp-Image-2022-09-21-at-12.21.24-1.jpeg","contentUrl":"https:\/\/grupoican.com.br\/wp-content\/uploads\/2022\/09\/WhatsApp-Image-2022-09-21-at-12.21.24-1.jpeg","width":975,"height":751,"caption":"Da esquerda para a direita: Daniel Resemini, Tereza Soares, Marino Muratore e Matheus Gronow"},{"@type":"BreadcrumbList","@id":"https:\/\/grupoican.com.br\/por-onde-andam\/#breadcrumb","itemListElement":[{"@type":"ListItem","position":1,"name":"In\u00edcio","item":"https:\/\/grupoican.com.br\/"},{"@type":"ListItem","position":2,"name":"S\u00e9rie: Pessoas da Nossa Hist\u00f3ria"}]},{"@type":"WebSite","@id":"https:\/\/grupoican.com.br\/#website","url":"https:\/\/grupoican.com.br\/","name":"GrupoIcan","description":"Consultoria especializada em gest\u00e3o empresarial e \u00e1rea de petr\u00f3leo e g\u00e1s.","publisher":{"@id":"https:\/\/grupoican.com.br\/#organization"},"potentialAction":[{"@type":"SearchAction","target":{"@type":"EntryPoint","urlTemplate":"https:\/\/grupoican.com.br\/?s={search_term_string}"},"query-input":{"@type":"PropertyValueSpecification","valueRequired":true,"valueName":"search_term_string"}}],"inLanguage":"fr-FR"},{"@type":"Organization","@id":"https:\/\/grupoican.com.br\/#organization","name":"GrupoIcan","url":"https:\/\/grupoican.com.br\/","logo":{"@type":"ImageObject","inLanguage":"fr-FR","@id":"https:\/\/grupoican.com.br\/#\/schema\/logo\/image\/","url":"https:\/\/grupoican.com.br\/wp-content\/uploads\/2021\/09\/logo-icanbe.png","contentUrl":"https:\/\/grupoican.com.br\/wp-content\/uploads\/2021\/09\/logo-icanbe.png","width":1855,"height":1573,"caption":"GrupoIcan"},"image":{"@id":"https:\/\/grupoican.com.br\/#\/schema\/logo\/image\/"}},{"@type":"Person","@id":"https:\/\/grupoican.com.br\/#\/schema\/person\/f88a9177f15ebafd5a3fe8308c8cde83","name":"Admin","image":{"@type":"ImageObject","inLanguage":"fr-FR","@id":"https:\/\/grupoican.com.br\/#\/schema\/person\/image\/","url":"https:\/\/secure.gravatar.com\/avatar\/69947cc14238bc906a53010b047a4ad9ff20eacca93f5c5f6f0efd85a7a249aa?s=96&d=mm&r=g","contentUrl":"https:\/\/secure.gravatar.com\/avatar\/69947cc14238bc906a53010b047a4ad9ff20eacca93f5c5f6f0efd85a7a249aa?s=96&d=mm&r=g","caption":"Admin"},"sameAs":["http:\/\/grupoican.com.br"],"url":"https:\/\/grupoican.com.br\/fr\/author\/admin\/"}]}},"amp_enabled":true,"_links":{"self":[{"href":"https:\/\/grupoican.com.br\/fr\/wp-json\/wp\/v2\/posts\/2522","targetHints":{"allow":["GET"]}}],"collection":[{"href":"https:\/\/grupoican.com.br\/fr\/wp-json\/wp\/v2\/posts"}],"about":[{"href":"https:\/\/grupoican.com.br\/fr\/wp-json\/wp\/v2\/types\/post"}],"author":[{"embeddable":true,"href":"https:\/\/grupoican.com.br\/fr\/wp-json\/wp\/v2\/users\/1"}],"replies":[{"embeddable":true,"href":"https:\/\/grupoican.com.br\/fr\/wp-json\/wp\/v2\/comments?post=2522"}],"version-history":[{"count":0,"href":"https:\/\/grupoican.com.br\/fr\/wp-json\/wp\/v2\/posts\/2522\/revisions"}],"wp:featuredmedia":[{"embeddable":true,"href":"https:\/\/grupoican.com.br\/fr\/wp-json\/wp\/v2\/media\/2524"}],"wp:attachment":[{"href":"https:\/\/grupoican.com.br\/fr\/wp-json\/wp\/v2\/media?parent=2522"}],"wp:term":[{"taxonomy":"category","embeddable":true,"href":"https:\/\/grupoican.com.br\/fr\/wp-json\/wp\/v2\/categories?post=2522"},{"taxonomy":"post_tag","embeddable":true,"href":"https:\/\/grupoican.com.br\/fr\/wp-json\/wp\/v2\/tags?post=2522"}],"curies":[{"name":"wp","href":"https:\/\/api.w.org\/{rel}","templated":true}]}}